{"id":994,"date":"2021-03-21T17:23:19","date_gmt":"2021-03-21T16:23:19","guid":{"rendered":"http:\/\/sibenik-meteo.hr\/?p=994"},"modified":"2021-03-21T17:23:19","modified_gmt":"2021-03-21T16:23:19","slug":"mallorcu-iznenadio-proljetni-snijeg","status":"publish","type":"post","link":"https:\/\/sibenik-meteo.hr\/index.php\/2021\/03\/21\/mallorcu-iznenadio-proljetni-snijeg\/","title":{"rendered":"Mallorcu iznenadio proljetni snijeg!"},"content":{"rendered":"\n<p>Prvi dan prolje\u0107a \u0161panjolskom sredozemnom otoku i popularnom turisti\u010dkom odredi\u0161tu Mallorca donio je prave zimske uvjete uz ki\u0161u, a u vi\u0161im djelovima susnje\u017eicu i snijeg!<\/p>\n\n\n\n<figure class=\"wp-block-image\"><img loading=\"lazy\" decoding=\"async\" width=\"768\" height=\"1024\" src=\"http:\/\/sibenik-meteo.hr\/wp-content\/uploads\/2021\/03\/DA6393B4-8EE0-4435-AFE7-5DF2D757D8B6-768x1024.jpeg\" alt=\"\" class=\"wp-image-987\" srcset=\"https:\/\/sibenik-meteo.hr\/wp-content\/uploads\/2021\/03\/DA6393B4-8EE0-4435-AFE7-5DF2D757D8B6-768x1024.jpeg 768w, https:\/\/sibenik-meteo.hr\/wp-content\/uploads\/2021\/03\/DA6393B4-8EE0-4435-AFE7-5DF2D757D8B6-225x300.jpeg 225w, https:\/\/sibenik-meteo.hr\/wp-content\/uploads\/2021\/03\/DA6393B4-8EE0-4435-AFE7-5DF2D757D8B6.jpeg 960w\" sizes=\"auto, (max-width: 768px) 100vw, 768px\" \/><\/figure>\n\n\n\n<p>Meteorolo\u0161ka slu\u017eba objavila je \u017euto vremensko upozorenje za jak vjetar s naletima brzine do 80 kilometara na sat i naran\u010dasto upozorenje za olujno stanje mora i 8 metara visoke valove na Balearskim otocima.<\/p>\n\n\n\n<figure class=\"wp-block-image\"><img loading=\"lazy\" decoding=\"async\" width=\"750\" height=\"703\" src=\"http:\/\/sibenik-meteo.hr\/wp-content\/uploads\/2021\/03\/BBD7381C-E46D-4AE1-8592-FCD42CA32F84.jpeg\" alt=\"\" class=\"wp-image-988\" srcset=\"https:\/\/sibenik-meteo.hr\/wp-content\/uploads\/2021\/03\/BBD7381C-E46D-4AE1-8592-FCD42CA32F84.jpeg 750w, https:\/\/sibenik-meteo.hr\/wp-content\/uploads\/2021\/03\/BBD7381C-E46D-4AE1-8592-FCD42CA32F84-300x281.jpeg 300w\" sizes=\"auto, (max-width: 750px) 100vw, 750px\" \/><\/figure>\n\n\n\n<p>\u017duti neteo alarm izdan je i za buji\u010dnu ki\u0161u u Serra de Tramuntana gdje se predvi\u0111a i do 60 litara ki\u0161e, a iznad 800 m i obilan snijeg!<\/p>\n","protected":false},"excerpt":{"rendered":"<p>Prvi dan prolje\u0107a \u0161panjolskom sredozemnom otoku i popularnom turisti\u010dkom odredi\u0161tu Mallorca donio je prave zimske&#8230;<\/p>\n","protected":false},"author":1,"featured_media":988,"comment_status":"closed","ping_status":"open","sticky":false,"template":"","format":"standard","meta":{"_monsterinsights_skip_tracking":false,"_monsterinsights_sitenote_active":false,"_monsterinsights_sitenote_note":"","_monsterinsights_sitenote_category":0,"footnotes":""},"categories":[11],"tags":[46,40,43,24,47],"class_list":["post-994","post","type-post","status-publish","format-standard","has-post-thumbnail","hentry","category-europa","tag-hladnoca","tag-kisa","tag-mallorca","tag-snijeg","tag-spanjolska"],"_links":{"self":[{"href":"https:\/\/sibenik-meteo.hr\/index.php\/wp-json\/wp\/v2\/posts\/994","targetHints":{"allow":["GET"]}}],"collection":[{"href":"https:\/\/sibenik-meteo.hr\/index.php\/wp-json\/wp\/v2\/posts"}],"about":[{"href":"https:\/\/sibenik-meteo.hr\/index.php\/wp-json\/wp\/v2\/types\/post"}],"author":[{"embeddable":true,"href":"https:\/\/sibenik-meteo.hr\/index.php\/wp-json\/wp\/v2\/users\/1"}],"replies":[{"embeddable":true,"href":"https:\/\/sibenik-meteo.hr\/index.php\/wp-json\/wp\/v2\/comments?post=994"}],"version-history":[{"count":1,"href":"https:\/\/sibenik-meteo.hr\/index.php\/wp-json\/wp\/v2\/posts\/994\/revisions"}],"predecessor-version":[{"id":995,"href":"https:\/\/sibenik-meteo.hr\/index.php\/wp-json\/wp\/v2\/posts\/994\/revisions\/995"}],"wp:featuredmedia":[{"embeddable":true,"href":"https:\/\/sibenik-meteo.hr\/index.php\/wp-json\/wp\/v2\/media\/988"}],"wp:attachment":[{"href":"https:\/\/sibenik-meteo.hr\/index.php\/wp-json\/wp\/v2\/media?parent=994"}],"wp:term":[{"taxonomy":"category","embeddable":true,"href":"https:\/\/sibenik-meteo.hr\/index.php\/wp-json\/wp\/v2\/categories?post=994"},{"taxonomy":"post_tag","embeddable":true,"href":"https:\/\/sibenik-meteo.hr\/index.php\/wp-json\/wp\/v2\/tags?post=994"}],"curies":[{"name":"wp","href":"https:\/\/api.w.org\/{rel}","templated":true}]}}