{"id":825,"date":"2020-06-05T19:14:28","date_gmt":"2020-06-05T17:14:28","guid":{"rendered":"http:\/\/sibenik-meteo.hr\/?p=825"},"modified":"2020-12-26T19:16:12","modified_gmt":"2020-12-26T18:16:12","slug":"meteoalarm-lokalno-obilne-oborine-i-grmljavinsko-nevrijeme","status":"publish","type":"post","link":"https:\/\/sibenik-meteo.hr\/index.php\/2020\/06\/05\/meteoalarm-lokalno-obilne-oborine-i-grmljavinsko-nevrijeme\/","title":{"rendered":"Meteoalarm: Lokalno obilne oborine i grmljavinsko nevrijeme"},"content":{"rendered":"\n<p>Ciklona s pripadaju\u0107om \nfrontom koja \u0107e se danas premje\u0161tati preko Jadrana dijelu obale i \npriobalja kako smo ve\u0107 pisali donijeti \u0107e lokalno izra\u017eenije nevrijeme \npra\u0107eno olujnim vjetrom ju\u017enih smjerova te obilnom ki\u0161om i grmljavinskim\n pljuskovima.<\/p>\n\n\n\n<p>Glavnina pogor\u0161anja  kod nas \u0107e nastupiti sredinom dana kada prema prognosti\u010dkim  materijalima postoji velika mogu\u0107nost za izra\u017eeno grmljavinsko nevrijeme  i lokalno obilnije oborine. U poslijepodnevnim satima oborine \u0107e  postupno oslabiti, a u ve\u010dernjim satima naoblaka \u0107e se i raskinuti.  Olujno jugo koje jutros pu\u0161e na \u0161ibenskom podru\u010dju i do 80km\/h postupno  \u0107e prema sredini dana okretati na o\u0161tro i slabiti prema ve\u010deri na  umjereno.<\/p>\n\n\n\n<figure class=\"wp-block-image\"><img loading=\"lazy\" decoding=\"async\" width=\"639\" height=\"479\" src=\"http:\/\/sibenik-meteo.hr\/wp-content\/uploads\/2020\/12\/Screenshot_2020-12-26-Sibenik-Meteo-Portal16.png\" alt=\"\" class=\"wp-image-826\" srcset=\"https:\/\/sibenik-meteo.hr\/wp-content\/uploads\/2020\/12\/Screenshot_2020-12-26-Sibenik-Meteo-Portal16.png 639w, https:\/\/sibenik-meteo.hr\/wp-content\/uploads\/2020\/12\/Screenshot_2020-12-26-Sibenik-Meteo-Portal16-300x225.png 300w\" sizes=\"auto, (max-width: 639px) 100vw, 639px\" \/><\/figure>\n\n\n\n<p>Zbog pogor\u0161anih  vremenskih prilika Meteoalarm je za ovaj dio obale izdao visoko  naran\u010dasto vremensko upozorenje u kojem stoji da se o\u010dekuju olujni udari  ju\u017enog vjetra brzine od 65 do 80km\/h te lokalno obilnije oborine koje  mogu biti pra\u0107ene grmljavinskim nevremenom u kojima mo\u017ee pasti uz obalu  od 40 do 60, a u zale\u0111u od 60 do 90 litara ki\u0161e po metru \u010detvornome.<\/p>\n\n\n\n<p>\nU danima vikenda nas o\u010dekuje \nstabilizacija vremenskih prilika uz prete\u017eno sun\u010dano vrijeme, a o tome \nvi\u0161e \u010ditajte u vikend prognozi koja \u0107e biti objavljena tijekom jutra.\n\n<\/p>\n","protected":false},"excerpt":{"rendered":"<p>Ciklona s pripadaju\u0107om frontom koja \u0107e se danas premje\u0161tati preko Jadrana dijelu obale i priobalja&#8230;<\/p>\n","protected":false},"author":2,"featured_media":826,"comment_status":"closed","ping_status":"open","sticky":false,"template":"","format":"standard","meta":{"_monsterinsights_skip_tracking":false,"_monsterinsights_sitenote_active":false,"_monsterinsights_sitenote_note":"","_monsterinsights_sitenote_category":0,"footnotes":""},"categories":[3],"tags":[],"class_list":["post-825","post","type-post","status-publish","format-standard","has-post-thumbnail","hentry","category-lokalno-vrijeme"],"_links":{"self":[{"href":"https:\/\/sibenik-meteo.hr\/index.php\/wp-json\/wp\/v2\/posts\/825","targetHints":{"allow":["GET"]}}],"collection":[{"href":"https:\/\/sibenik-meteo.hr\/index.php\/wp-json\/wp\/v2\/posts"}],"about":[{"href":"https:\/\/sibenik-meteo.hr\/index.php\/wp-json\/wp\/v2\/types\/post"}],"author":[{"embeddable":true,"href":"https:\/\/sibenik-meteo.hr\/index.php\/wp-json\/wp\/v2\/users\/2"}],"replies":[{"embeddable":true,"href":"https:\/\/sibenik-meteo.hr\/index.php\/wp-json\/wp\/v2\/comments?post=825"}],"version-history":[{"count":1,"href":"https:\/\/sibenik-meteo.hr\/index.php\/wp-json\/wp\/v2\/posts\/825\/revisions"}],"predecessor-version":[{"id":827,"href":"https:\/\/sibenik-meteo.hr\/index.php\/wp-json\/wp\/v2\/posts\/825\/revisions\/827"}],"wp:featuredmedia":[{"embeddable":true,"href":"https:\/\/sibenik-meteo.hr\/index.php\/wp-json\/wp\/v2\/media\/826"}],"wp:attachment":[{"href":"https:\/\/sibenik-meteo.hr\/index.php\/wp-json\/wp\/v2\/media?parent=825"}],"wp:term":[{"taxonomy":"category","embeddable":true,"href":"https:\/\/sibenik-meteo.hr\/index.php\/wp-json\/wp\/v2\/categories?post=825"},{"taxonomy":"post_tag","embeddable":true,"href":"https:\/\/sibenik-meteo.hr\/index.php\/wp-json\/wp\/v2\/tags?post=825"}],"curies":[{"name":"wp","href":"https:\/\/api.w.org\/{rel}","templated":true}]}}