{"id":810,"date":"2020-05-25T18:57:42","date_gmt":"2020-05-25T16:57:42","guid":{"rendered":"http:\/\/sibenik-meteo.hr\/?p=810"},"modified":"2020-12-26T19:00:03","modified_gmt":"2020-12-26T18:00:03","slug":"tjedna-prognoza-do-sredine-dana-stabilno-a-zatim-promjenljivo","status":"publish","type":"post","link":"https:\/\/sibenik-meteo.hr\/index.php\/2020\/05\/25\/tjedna-prognoza-do-sredine-dana-stabilno-a-zatim-promjenljivo\/","title":{"rendered":"Tjedna prognoza: Do sredine dana stabilno, a zatim promjenljivo"},"content":{"rendered":"\n<p>Ovog tjedna iako \u0107e se na\u0161i\n krajevi na\u0107i u polju povi\u0161enog tlaka zraka zbog kru\u017eenja po visini \nvla\u017enog i nestabilnog zraka vrijeme ne\u0107e biti posve stabilno i to \nosobito od sredine dana na kopnu, a no\u0107u lokalno i na moru.<\/p>\n\n\n\n<p>Jutros\n na cijelom podru\u010dju prevladava vedro vrijeme uz slab vjetar sjevernih i\n sjeverozapadnih smjerova, dok su temperature zraka ugodne i kre\u0107u se od\n 19 do 23\u00b0C. U nastavku dana i to osobito poslijepodne do\u0107i \u0107e do \nporasta naoblake, a na podinarskom podru\u010dju lokalno mo\u017ee biti slabih \npljuskova. Nave\u010der \u0107e se naoblaka djelomice do potpuno raskinuti, a \npovremenih slabih pljuskova mo\u017ee biti na otvorenom moru. Uz slabu do \numjerenu tramontanu i buru, a na moru od sredine dana sjeverozapadni \nvjetar temperature zraka biti \u0107e u rasponu od 18 do 24\u00b0C.<\/p>\n\n\n\n<p>Promjenljivo\n vrijeme uz dosta oblaka i povremene lokalne slabe pljuskove koji \u0107e \nbiti u\u010destaliji u drugom dijelu dana prevladavati \u0107e i u ostatku tjedna \npri \u0107emu \u0107e tijekom \u010detvrtka i petka biti najstabilnije dok \u0107e u drugom \ndijelu vikenda prema sada\u0161njim prognosti\u010dkim materijalima biti \nnajnestabilnije. Uz slabe vjetrove sjevernih i sjeverozapadnih smjerova \ntemperature zraka \u0107e se zadr\u017eati u vi\u0161egodi\u0161njim prosjecima i kretati se\n od 15 do 22\u00b0C.<\/p>\n\n\n\n<figure class=\"wp-block-image\"><img loading=\"lazy\" decoding=\"async\" width=\"640\" height=\"480\" src=\"http:\/\/sibenik-meteo.hr\/wp-content\/uploads\/2020\/12\/Screenshot_2020-12-26-Sibenik-Meteo-Portal10.png\" alt=\"\" class=\"wp-image-811\" srcset=\"https:\/\/sibenik-meteo.hr\/wp-content\/uploads\/2020\/12\/Screenshot_2020-12-26-Sibenik-Meteo-Portal10.png 640w, https:\/\/sibenik-meteo.hr\/wp-content\/uploads\/2020\/12\/Screenshot_2020-12-26-Sibenik-Meteo-Portal10-300x225.png 300w\" sizes=\"auto, (max-width: 640px) 100vw, 640px\" \/><figcaption>Izvor: Meteoadriatic<\/figcaption><\/figure>\n\n\n\n<p>Ovakve vremenske  prilike koje se o\u010dekuju u tjednu pred nama su dosta nezahvalne za  prognoziranje jer se modeli do sada i nisu pokazali ba\u0161 pouzdanima i  preciznima kada na vremenske prilike djeluje visinska ciklona. Ono \u0161ta  je sigurno da \u0107e dosta nestabilno biti u unutra\u0161njosti zemlje i u  susjednoj BiH gdje \u0107e od sredine dana lokalno do\u0107i do razvoja  izra\u017eenijih grmljavinskih nestabilnosti te mjestimice obilnijih oborina.  Stablinije \u0107e biti uz obalu ali uz dosta oblaka od sredine dana i tu  postoji mogu\u0107nost za poneki slab pljusak.<\/p>\n","protected":false},"excerpt":{"rendered":"<p>Ovog tjedna iako \u0107e se na\u0161i krajevi na\u0107i u polju povi\u0161enog tlaka zraka zbog kru\u017eenja&#8230;<\/p>\n","protected":false},"author":2,"featured_media":811,"comment_status":"closed","ping_status":"open","sticky":false,"template":"","format":"standard","meta":{"_monsterinsights_skip_tracking":false,"_monsterinsights_sitenote_active":false,"_monsterinsights_sitenote_note":"","_monsterinsights_sitenote_category":0,"footnotes":""},"categories":[3],"tags":[],"class_list":["post-810","post","type-post","status-publish","format-standard","has-post-thumbnail","hentry","category-lokalno-vrijeme"],"_links":{"self":[{"href":"https:\/\/sibenik-meteo.hr\/index.php\/wp-json\/wp\/v2\/posts\/810","targetHints":{"allow":["GET"]}}],"collection":[{"href":"https:\/\/sibenik-meteo.hr\/index.php\/wp-json\/wp\/v2\/posts"}],"about":[{"href":"https:\/\/sibenik-meteo.hr\/index.php\/wp-json\/wp\/v2\/types\/post"}],"author":[{"embeddable":true,"href":"https:\/\/sibenik-meteo.hr\/index.php\/wp-json\/wp\/v2\/users\/2"}],"replies":[{"embeddable":true,"href":"https:\/\/sibenik-meteo.hr\/index.php\/wp-json\/wp\/v2\/comments?post=810"}],"version-history":[{"count":1,"href":"https:\/\/sibenik-meteo.hr\/index.php\/wp-json\/wp\/v2\/posts\/810\/revisions"}],"predecessor-version":[{"id":812,"href":"https:\/\/sibenik-meteo.hr\/index.php\/wp-json\/wp\/v2\/posts\/810\/revisions\/812"}],"wp:featuredmedia":[{"embeddable":true,"href":"https:\/\/sibenik-meteo.hr\/index.php\/wp-json\/wp\/v2\/media\/811"}],"wp:attachment":[{"href":"https:\/\/sibenik-meteo.hr\/index.php\/wp-json\/wp\/v2\/media?parent=810"}],"wp:term":[{"taxonomy":"category","embeddable":true,"href":"https:\/\/sibenik-meteo.hr\/index.php\/wp-json\/wp\/v2\/categories?post=810"},{"taxonomy":"post_tag","embeddable":true,"href":"https:\/\/sibenik-meteo.hr\/index.php\/wp-json\/wp\/v2\/tags?post=810"}],"curies":[{"name":"wp","href":"https:\/\/api.w.org\/{rel}","templated":true}]}}