{"id":7752,"date":"2026-05-01T09:41:43","date_gmt":"2026-05-01T07:41:43","guid":{"rendered":"https:\/\/sibenik-meteo.hr\/?p=7752"},"modified":"2026-05-01T09:41:43","modified_gmt":"2026-05-01T07:41:43","slug":"prvomajski-praznik-uz-pretezno-suncano-vrijeme","status":"publish","type":"post","link":"https:\/\/sibenik-meteo.hr\/index.php\/2026\/05\/01\/prvomajski-praznik-uz-pretezno-suncano-vrijeme\/","title":{"rendered":"Prvomajski praznik uz prete\u017eno sun\u010dano vrijeme"},"content":{"rendered":"\n<p>Greben anticiklone sa sjevera kontinenta uz istodobno premje\u0161tanje oslabljenog frontalnog sustava jugoisto\u010dno od Jadrana danas \u0107e ali i u danima vikenda osigurati stabilne vremenske prilike uz prete\u017eno sun\u010dano vrijeme i buru koja \u0107e jo\u0161 tijekom petka povremeno imati umjereno jake udare, a sutra okrenuti na poja\u010dan sjeverozapadnjak na moru.<\/p>\n\n\n\n<p>Tijekom prete\u017eno sun\u010dane nedjelje u kojoj \u0107e nebo povremeno prekrivati visoka prozirna koprenasta naoblaka vjetar \u0107e sasvim oslabiti i okrenuti na slabe jugozapadne smjerove.<\/p>\n\n\n\n<p>Nakon ne\u0161to ni\u017eih temperatura zraka koje je donijelo sjeveroisto\u010dno strujanje u narednim danima temperature zraka \u0107e biti u laganom porastu. Danas \u0107e se dnevni maksimalac popeti do 20-tog stupnja, a sutra nakon jutarnjih 12 do ugodna 23\u00b0C. U nedjelju jutarnja temperatura zraka \u0107e biti bez ve\u0107e promjene dok \u0107e dnevna uz obalu i na otocima zbog osvje\u017eavaju\u0107eg vjetra s mora biti malo ni\u017ea i kretati se oko 21\u00b0C.<\/p>\n","protected":false},"excerpt":{"rendered":"<p>Greben anticiklone sa sjevera kontinenta uz istodobno premje\u0161tanje oslabljenog frontalnog sustava jugoisto\u010dno od Jadrana danas&#8230;<\/p>\n","protected":false},"author":1,"featured_media":6398,"comment_status":"closed","ping_status":"open","sticky":false,"template":"","format":"standard","meta":{"_monsterinsights_skip_tracking":false,"_monsterinsights_sitenote_active":false,"_monsterinsights_sitenote_note":"","_monsterinsights_sitenote_category":0,"footnotes":""},"categories":[3],"tags":[16,77,49,222,144,340],"class_list":["post-7752","post","type-post","status-publish","format-standard","has-post-thumbnail","hentry","category-lokalno-vrijeme","tag-dalmacija","tag-hrvatska","tag-jadran","tag-lokalna-prognoza","tag-prognosticki-modeli","tag-vikend-prognoza"],"_links":{"self":[{"href":"https:\/\/sibenik-meteo.hr\/index.php\/wp-json\/wp\/v2\/posts\/7752","targetHints":{"allow":["GET"]}}],"collection":[{"href":"https:\/\/sibenik-meteo.hr\/index.php\/wp-json\/wp\/v2\/posts"}],"about":[{"href":"https:\/\/sibenik-meteo.hr\/index.php\/wp-json\/wp\/v2\/types\/post"}],"author":[{"embeddable":true,"href":"https:\/\/sibenik-meteo.hr\/index.php\/wp-json\/wp\/v2\/users\/1"}],"replies":[{"embeddable":true,"href":"https:\/\/sibenik-meteo.hr\/index.php\/wp-json\/wp\/v2\/comments?post=7752"}],"version-history":[{"count":1,"href":"https:\/\/sibenik-meteo.hr\/index.php\/wp-json\/wp\/v2\/posts\/7752\/revisions"}],"predecessor-version":[{"id":7753,"href":"https:\/\/sibenik-meteo.hr\/index.php\/wp-json\/wp\/v2\/posts\/7752\/revisions\/7753"}],"wp:featuredmedia":[{"embeddable":true,"href":"https:\/\/sibenik-meteo.hr\/index.php\/wp-json\/wp\/v2\/media\/6398"}],"wp:attachment":[{"href":"https:\/\/sibenik-meteo.hr\/index.php\/wp-json\/wp\/v2\/media?parent=7752"}],"wp:term":[{"taxonomy":"category","embeddable":true,"href":"https:\/\/sibenik-meteo.hr\/index.php\/wp-json\/wp\/v2\/categories?post=7752"},{"taxonomy":"post_tag","embeddable":true,"href":"https:\/\/sibenik-meteo.hr\/index.php\/wp-json\/wp\/v2\/tags?post=7752"}],"curies":[{"name":"wp","href":"https:\/\/api.w.org\/{rel}","templated":true}]}}