{"id":7749,"date":"2026-04-28T10:50:11","date_gmt":"2026-04-28T08:50:11","guid":{"rendered":"https:\/\/sibenik-meteo.hr\/?p=7749"},"modified":"2026-04-28T10:50:12","modified_gmt":"2026-04-28T08:50:12","slug":"rijetka-travanjska-snjezna-oluja-oborila-rekord-u-moskvi","status":"publish","type":"post","link":"https:\/\/sibenik-meteo.hr\/index.php\/2026\/04\/28\/rijetka-travanjska-snjezna-oluja-oborila-rekord-u-moskvi\/","title":{"rendered":"Rijetka travanjska snje\u017ena oluja oborila rekord u Moskvi"},"content":{"rendered":"\n<p>Moskovljani su se u ponedjeljak probudili uz rekordno visok snje\u017eni pokriva\u010d nakon \u0161to je rijetka zimska oluja s kraja travnja preko no\u0107i pogodila rusku prijestolnicu, a lokalne vlasti upozorile su da \u0107e snijeg i vjetar potrajati i sljede\u0107a dva dana.<\/p>\n\n\n\n<p>U gradu je izme\u0111u nedjelje nave\u010der i ponedjeljka ujutro palo oko 21 milimetar oborina, prema rije\u010dima Jevgenija Ti\u0161kovetsa glavnog meteorologa u meteorolo\u0161kom centru Fobos, a to je u prosjeku otprilike jednako 21 centimetru snijega.<\/p>\n\n\n\n<p>Ti\u0161kovets je rekao da je snje\u017ena oborina u posljednja 24 sata oborila dnevni rekord postavljen jo\u0161 1880. godine, napisav\u0161i u objavi na Telegramu: &#8220;Nikada u cijeloj povijesti meteorolo\u0161kih promatranja nije bilo toliko snijega 27. travnja.&#8221;<\/p>\n\n\n\n<p>Te\u017eina snijega ru\u0161ila je drve\u0107e u Moskvi i kidala dalekovode zbog \u010dega je struja nestala u 50 sela u okolnoj moskovskoj regiji, a putnici su ostali zaglavljeni u prometnim gu\u017evama.<\/p>\n\n\n\n<figure class=\"wp-block-embed aligncenter is-type-video is-provider-youtube wp-block-embed-youtube wp-embed-aspect-16-9 wp-has-aspect-ratio\"><div class=\"wp-block-embed__wrapper\">\n<iframe loading=\"lazy\" title=\"Moscow hit by unusually heavy late April snowstorm\" width=\"640\" height=\"360\" src=\"https:\/\/www.youtube.com\/embed\/vufCKtl_CyI?feature=oembed\" frameborder=\"0\" allow=\"accelerometer; autoplay; clipboard-write; encrypted-media; gyroscope; picture-in-picture; web-share\" referrerpolicy=\"strict-origin-when-cross-origin\" allowfullscreen><\/iframe>\n<\/div><\/figure>\n","protected":false},"excerpt":{"rendered":"<p>Moskovljani su se u ponedjeljak probudili uz rekordno visok snje\u017eni pokriva\u010d nakon \u0161to je rijetka&#8230;<\/p>\n","protected":false},"author":1,"featured_media":7750,"comment_status":"closed","ping_status":"open","sticky":false,"template":"","format":"standard","meta":{"_monsterinsights_skip_tracking":false,"_monsterinsights_sitenote_active":false,"_monsterinsights_sitenote_note":"","_monsterinsights_sitenote_category":0,"footnotes":""},"categories":[11],"tags":[97,232,75,24],"class_list":["post-7749","post","type-post","status-publish","format-standard","has-post-thumbnail","hentry","category-europa","tag-ekstremne-vremenske-prilike","tag-europa","tag-rusija","tag-snijeg"],"_links":{"self":[{"href":"https:\/\/sibenik-meteo.hr\/index.php\/wp-json\/wp\/v2\/posts\/7749","targetHints":{"allow":["GET"]}}],"collection":[{"href":"https:\/\/sibenik-meteo.hr\/index.php\/wp-json\/wp\/v2\/posts"}],"about":[{"href":"https:\/\/sibenik-meteo.hr\/index.php\/wp-json\/wp\/v2\/types\/post"}],"author":[{"embeddable":true,"href":"https:\/\/sibenik-meteo.hr\/index.php\/wp-json\/wp\/v2\/users\/1"}],"replies":[{"embeddable":true,"href":"https:\/\/sibenik-meteo.hr\/index.php\/wp-json\/wp\/v2\/comments?post=7749"}],"version-history":[{"count":1,"href":"https:\/\/sibenik-meteo.hr\/index.php\/wp-json\/wp\/v2\/posts\/7749\/revisions"}],"predecessor-version":[{"id":7751,"href":"https:\/\/sibenik-meteo.hr\/index.php\/wp-json\/wp\/v2\/posts\/7749\/revisions\/7751"}],"wp:featuredmedia":[{"embeddable":true,"href":"https:\/\/sibenik-meteo.hr\/index.php\/wp-json\/wp\/v2\/media\/7750"}],"wp:attachment":[{"href":"https:\/\/sibenik-meteo.hr\/index.php\/wp-json\/wp\/v2\/media?parent=7749"}],"wp:term":[{"taxonomy":"category","embeddable":true,"href":"https:\/\/sibenik-meteo.hr\/index.php\/wp-json\/wp\/v2\/categories?post=7749"},{"taxonomy":"post_tag","embeddable":true,"href":"https:\/\/sibenik-meteo.hr\/index.php\/wp-json\/wp\/v2\/tags?post=7749"}],"curies":[{"name":"wp","href":"https:\/\/api.w.org\/{rel}","templated":true}]}}