{"id":7747,"date":"2026-04-27T11:20:20","date_gmt":"2026-04-27T09:20:20","guid":{"rendered":"https:\/\/sibenik-meteo.hr\/?p=7747"},"modified":"2026-04-27T11:20:21","modified_gmt":"2026-04-27T09:20:21","slug":"praznicki-vikend-u-znaku-bure-i-malo-hladnijeg-vremena","status":"publish","type":"post","link":"https:\/\/sibenik-meteo.hr\/index.php\/2026\/04\/27\/praznicki-vikend-u-znaku-bure-i-malo-hladnijeg-vremena\/","title":{"rendered":"Prazni\u010dki vikend u znaku bure i malo hladnijeg vremena"},"content":{"rendered":"\n<p>Tjedan u kojem se obilje\u017eava 1 Maj-Praznik rada zapo\u010deo je uz manju neprimjetnu promjenu vremena i prolaznim porastom naoblake, a sve u sklopu premje\u0161tanja oslabljenog sustava preko Jadrana koji je ve\u0107 napustio na\u0161e podru\u010dje. Nova i primjetnija promjena vremena nastupiti \u0107e u drugoj polovici tjedna kada \u0107e se preko Jadrana premjestiti hladna fronta sa sjevera kontinenta.<\/p>\n\n\n\n<p>Stoga danas te sutra u prvom dijelu dana prevladavati \u0107e prete\u017eno sun\u010dano vrijeme uz slabe vjetrove s mora i ugodne temperature zraka koje \u0107e se kretati izme\u0111u 14 i 25\u00b0C. U drugom dijelu utorka te osobito tijekom srijede i prvog dijela \u010detvrtka o\u010dekuje se umjereno do prete\u017eno obla\u010dno vrijeme uz vrlo malu mogu\u0107nost za ki\u0161u. Od sredine srijede zapuhati \u0107e bura koja \u0107e u \u010detvrtak poja\u010dati na umjereno jaku do jaku te oslabiti tijekom petka.<\/p>\n\n\n\n<p>Raskidanje naoblake nastupiti \u0107e u drugom dijelu \u010detvrtka, a prete\u017eno sun\u010dano vrijeme produljiti \u0107e se i na dane vikenda.<\/p>\n\n\n\n<p>Hladne fronte sa sjevera kontinenta u pravilu Dalmaciji donose rijetke oborine ali to ne zna\u0107i da \u0107e ovaj dio zemlje zaobi\u0107i svje\u017eiji zrak koji \u0107e u kombinaciji sa burom ostavljati dojam i jo\u0161 hladnijeg vremena. Tako ve\u0107 od \u010detvrtka se o\u010dekuje postupni pad temperature zraka, a prohladno \u0107e se zadr\u017eati sve do kraja tjedna. O\u010dekivane temperature zraka \u0107e biti ni\u017ee za 5 do 8 stupnjeva u odnosu na dana\u0161nje i kretati se izme\u0111u 9 i 18\u00b0C.<\/p>\n","protected":false},"excerpt":{"rendered":"<p>Tjedan u kojem se obilje\u017eava 1 Maj-Praznik rada zapo\u010deo je uz manju neprimjetnu promjenu vremena&#8230;<\/p>\n","protected":false},"author":1,"featured_media":4625,"comment_status":"closed","ping_status":"open","sticky":false,"template":"","format":"standard","meta":{"_monsterinsights_skip_tracking":false,"_monsterinsights_sitenote_active":false,"_monsterinsights_sitenote_note":"","_monsterinsights_sitenote_category":0,"footnotes":""},"categories":[3],"tags":[],"class_list":["post-7747","post","type-post","status-publish","format-standard","has-post-thumbnail","hentry","category-lokalno-vrijeme"],"_links":{"self":[{"href":"https:\/\/sibenik-meteo.hr\/index.php\/wp-json\/wp\/v2\/posts\/7747","targetHints":{"allow":["GET"]}}],"collection":[{"href":"https:\/\/sibenik-meteo.hr\/index.php\/wp-json\/wp\/v2\/posts"}],"about":[{"href":"https:\/\/sibenik-meteo.hr\/index.php\/wp-json\/wp\/v2\/types\/post"}],"author":[{"embeddable":true,"href":"https:\/\/sibenik-meteo.hr\/index.php\/wp-json\/wp\/v2\/users\/1"}],"replies":[{"embeddable":true,"href":"https:\/\/sibenik-meteo.hr\/index.php\/wp-json\/wp\/v2\/comments?post=7747"}],"version-history":[{"count":1,"href":"https:\/\/sibenik-meteo.hr\/index.php\/wp-json\/wp\/v2\/posts\/7747\/revisions"}],"predecessor-version":[{"id":7748,"href":"https:\/\/sibenik-meteo.hr\/index.php\/wp-json\/wp\/v2\/posts\/7747\/revisions\/7748"}],"wp:featuredmedia":[{"embeddable":true,"href":"https:\/\/sibenik-meteo.hr\/index.php\/wp-json\/wp\/v2\/media\/4625"}],"wp:attachment":[{"href":"https:\/\/sibenik-meteo.hr\/index.php\/wp-json\/wp\/v2\/media?parent=7747"}],"wp:term":[{"taxonomy":"category","embeddable":true,"href":"https:\/\/sibenik-meteo.hr\/index.php\/wp-json\/wp\/v2\/categories?post=7747"},{"taxonomy":"post_tag","embeddable":true,"href":"https:\/\/sibenik-meteo.hr\/index.php\/wp-json\/wp\/v2\/tags?post=7747"}],"curies":[{"name":"wp","href":"https:\/\/api.w.org\/{rel}","templated":true}]}}