{"id":7719,"date":"2026-04-06T10:15:07","date_gmt":"2026-04-06T08:15:07","guid":{"rendered":"https:\/\/sibenik-meteo.hr\/?p=7719"},"modified":"2026-04-06T10:15:08","modified_gmt":"2026-04-06T08:15:08","slug":"do-vikenda-stabilno-zatim-prolazno-pogorsanje-i-zahladenje","status":"publish","type":"post","link":"https:\/\/sibenik-meteo.hr\/index.php\/2026\/04\/06\/do-vikenda-stabilno-zatim-prolazno-pogorsanje-i-zahladenje\/","title":{"rendered":"Do vikenda stabilno, zatim prolazno pogor\u0161anje i zahla\u0111enje"},"content":{"rendered":"\n<p>Pod utjecajema anticiklone vrijeme se nad Jadranom stabiliziralo, a frontalni sustavi koji se premje\u0161taju sjevernije od njega ne\u0107e u narednim danima znatnije utjecati na vrijeme kod nas.<\/p>\n\n\n\n<p>Stoga \u0107e danas, odnosno sve do petka, prevladavati stabilne vremenske prilike uz djelomice do prete\u017eno sun\u010dano i ugodno toplo vrijeme i temperature zraka koje \u0107e se kretati izme\u0111u 11 i 22\u00b0C.<\/p>\n\n\n\n<p>I vjetar \u0107e do srijede biti uglavnom slab do umjeren, no\u0107u prevladavaju\u0107ih sjevernih smjerova a tijekom dana s mora. U srijedu i \u010detvrtak prolazno \u0107e poja\u010dati bura koju \u0107e u petak zamijenti slabo do umjereno jugo koje \u0107e sa porastom naoblake biti uvod u prolazno pogor\u0161anje vremena koje nastupa svojom glavninom u prvom dijelu vikenda kada se uz ja\u010de naobla\u010denje o\u010dekuje ki\u0161a te okretanje vjetra na buru uz pad temperature zraka i za 10-tak stupnjeva u odnosu na dana\u0161nje vrijednosti.<\/p>\n\n\n\n<p>Frontalni sustav \u0107e brzo napustiti na\u0161e krajeve pa se ve\u0107 u nedjelju o\u010dekuje vi\u0161e sun\u010danog vremena ali uz buru i prohladne temperature zraka, izme\u0111u 7 i 14\u00b0C. <\/p>\n","protected":false},"excerpt":{"rendered":"<p>Pod utjecajema anticiklone vrijeme se nad Jadranom stabiliziralo, a frontalni sustavi koji se premje\u0161taju sjevernije&#8230;<\/p>\n","protected":false},"author":1,"featured_media":5996,"comment_status":"closed","ping_status":"open","sticky":false,"template":"","format":"standard","meta":{"_monsterinsights_skip_tracking":false,"_monsterinsights_sitenote_active":false,"_monsterinsights_sitenote_note":"","_monsterinsights_sitenote_category":0,"footnotes":""},"categories":[3],"tags":[16,77,49,222,143],"class_list":["post-7719","post","type-post","status-publish","format-standard","has-post-thumbnail","hentry","category-lokalno-vrijeme","tag-dalmacija","tag-hrvatska","tag-jadran","tag-lokalna-prognoza","tag-tjedna-prognoza"],"_links":{"self":[{"href":"https:\/\/sibenik-meteo.hr\/index.php\/wp-json\/wp\/v2\/posts\/7719","targetHints":{"allow":["GET"]}}],"collection":[{"href":"https:\/\/sibenik-meteo.hr\/index.php\/wp-json\/wp\/v2\/posts"}],"about":[{"href":"https:\/\/sibenik-meteo.hr\/index.php\/wp-json\/wp\/v2\/types\/post"}],"author":[{"embeddable":true,"href":"https:\/\/sibenik-meteo.hr\/index.php\/wp-json\/wp\/v2\/users\/1"}],"replies":[{"embeddable":true,"href":"https:\/\/sibenik-meteo.hr\/index.php\/wp-json\/wp\/v2\/comments?post=7719"}],"version-history":[{"count":1,"href":"https:\/\/sibenik-meteo.hr\/index.php\/wp-json\/wp\/v2\/posts\/7719\/revisions"}],"predecessor-version":[{"id":7720,"href":"https:\/\/sibenik-meteo.hr\/index.php\/wp-json\/wp\/v2\/posts\/7719\/revisions\/7720"}],"wp:featuredmedia":[{"embeddable":true,"href":"https:\/\/sibenik-meteo.hr\/index.php\/wp-json\/wp\/v2\/media\/5996"}],"wp:attachment":[{"href":"https:\/\/sibenik-meteo.hr\/index.php\/wp-json\/wp\/v2\/media?parent=7719"}],"wp:term":[{"taxonomy":"category","embeddable":true,"href":"https:\/\/sibenik-meteo.hr\/index.php\/wp-json\/wp\/v2\/categories?post=7719"},{"taxonomy":"post_tag","embeddable":true,"href":"https:\/\/sibenik-meteo.hr\/index.php\/wp-json\/wp\/v2\/tags?post=7719"}],"curies":[{"name":"wp","href":"https:\/\/api.w.org\/{rel}","templated":true}]}}