{"id":7714,"date":"2026-04-01T10:47:04","date_gmt":"2026-04-01T08:47:04","guid":{"rendered":"https:\/\/sibenik-meteo.hr\/?p=7714"},"modified":"2026-04-01T10:47:05","modified_gmt":"2026-04-01T08:47:05","slug":"zbog-bure-brojni-problemi-u-cestovnom-i-brodskom-prometu","status":"publish","type":"post","link":"https:\/\/sibenik-meteo.hr\/index.php\/2026\/04\/01\/zbog-bure-brojni-problemi-u-cestovnom-i-brodskom-prometu\/","title":{"rendered":"Zbog bure brojni problemi u cestovnom i brodskom prometu"},"content":{"rendered":"\n<p>Kako javlja <a href=\"https:\/\/www.hak.hr\/info\/stanje-na-cestama\/#prohodnost-cesta\">HAK<\/a> u priobalju pu\u0161e bura, podno Velebita s olujnim i orkanskim  udarima koja uzrokuje brojne probleme u odvijanju nesmetanog prometa. U prekidu su pojedine trajektne, katamaranske i brodske linije. U Lici  pada snijeg, dok su u ostalom dijelu zemlje kolnici mjestimice vla\u017eni i  skliski od ki\u0161e.<br>Za kamione s prikolicama i teglja\u010de s poluprikolicama iz smjera unutra\u0161njosti (i obrnuto):<br><\/p>\n\n\n\n<ul class=\"wp-block-list\"><li>prema Dalmaciji mogu voziti samo autocestom A1 do \u010dvora Sveti Rok i dalje dr\u017eavnim cestama preko Gra\u010daca, Knina i Kistanja (DC50-DC1-DC59)<\/li><li>prema Rijeci ili Istri: mogu voziti autocestom A6 Rijeka-Zagreb do Delnica i dalje starom cestom kroz Gorski kotar-DC3<\/li><\/ul>\n\n\n\n<p>Otok Pag: nije mogu\u0107e prometovati s kopna na otok i obrnuto (most zatvoren, trajektna linija u prekidu).Kr\u010dki most: zatvoren za sav promet zbog orkanskih udara vjetra.<\/p>\n\n\n\n<p>Kr\u010dki most je zbog orkanskih udara bure koji dose\u017eu brzine preko 160km\/h zatvoren za sav promet.<\/p>\n\n\n\n<p>U pomorskom prometu u prekidu su brojne trajektne i katamaranske linije, izdvajamo sa \u0161ibenskog podru\u010dja katamaransku liniju \u0160ibenik-Kaprije-\u017dirje.<\/p>\n\n\n\n<p>Danas, a i sutra za najve\u0107i dio obale i otoka isto\u010dnog dijela Jadrana zbog jakog vjetra na snazi je najvi\u0161e crveno meteo upozorenje.<\/p>\n","protected":false},"excerpt":{"rendered":"<p>Kako javlja HAK u priobalju pu\u0161e bura, podno Velebita s olujnim i orkanskim udarima koja&#8230;<\/p>\n","protected":false},"author":1,"featured_media":1685,"comment_status":"closed","ping_status":"open","sticky":false,"template":"","format":"standard","meta":{"_monsterinsights_skip_tracking":false,"_monsterinsights_sitenote_active":false,"_monsterinsights_sitenote_note":"","_monsterinsights_sitenote_category":0,"footnotes":""},"categories":[10],"tags":[15,32,77,49],"class_list":["post-7714","post","type-post","status-publish","format-standard","has-post-thumbnail","hentry","category-hrvatska","tag-bura","tag-hak","tag-hrvatska","tag-jadran"],"_links":{"self":[{"href":"https:\/\/sibenik-meteo.hr\/index.php\/wp-json\/wp\/v2\/posts\/7714","targetHints":{"allow":["GET"]}}],"collection":[{"href":"https:\/\/sibenik-meteo.hr\/index.php\/wp-json\/wp\/v2\/posts"}],"about":[{"href":"https:\/\/sibenik-meteo.hr\/index.php\/wp-json\/wp\/v2\/types\/post"}],"author":[{"embeddable":true,"href":"https:\/\/sibenik-meteo.hr\/index.php\/wp-json\/wp\/v2\/users\/1"}],"replies":[{"embeddable":true,"href":"https:\/\/sibenik-meteo.hr\/index.php\/wp-json\/wp\/v2\/comments?post=7714"}],"version-history":[{"count":1,"href":"https:\/\/sibenik-meteo.hr\/index.php\/wp-json\/wp\/v2\/posts\/7714\/revisions"}],"predecessor-version":[{"id":7715,"href":"https:\/\/sibenik-meteo.hr\/index.php\/wp-json\/wp\/v2\/posts\/7714\/revisions\/7715"}],"wp:featuredmedia":[{"embeddable":true,"href":"https:\/\/sibenik-meteo.hr\/index.php\/wp-json\/wp\/v2\/media\/1685"}],"wp:attachment":[{"href":"https:\/\/sibenik-meteo.hr\/index.php\/wp-json\/wp\/v2\/media?parent=7714"}],"wp:term":[{"taxonomy":"category","embeddable":true,"href":"https:\/\/sibenik-meteo.hr\/index.php\/wp-json\/wp\/v2\/categories?post=7714"},{"taxonomy":"post_tag","embeddable":true,"href":"https:\/\/sibenik-meteo.hr\/index.php\/wp-json\/wp\/v2\/tags?post=7714"}],"curies":[{"name":"wp","href":"https:\/\/api.w.org\/{rel}","templated":true}]}}