{"id":7707,"date":"2026-03-30T11:11:56","date_gmt":"2026-03-30T09:11:56","guid":{"rendered":"https:\/\/sibenik-meteo.hr\/?p=7707"},"modified":"2026-03-30T11:11:57","modified_gmt":"2026-03-30T09:11:57","slug":"nestabilno-i-prohladno-vrijeme-i-na-pocetku-travnja","status":"publish","type":"post","link":"https:\/\/sibenik-meteo.hr\/index.php\/2026\/03\/30\/nestabilno-i-prohladno-vrijeme-i-na-pocetku-travnja\/","title":{"rendered":"Nestabilno i prohladno vrijeme i na po\u010detku travnja"},"content":{"rendered":"\n<p>Razdoblje nestabilnog i prohladnog vremena koje je nas je zahvatilo u danima proteklog vikenda nakon prolaznog smirivanja nastaviti \u0107e se i u narednim danima ovog blagdanskog tjedna.<\/p>\n\n\n\n<p>Zapadno od Jadrana trenutno se prostire greben anticiklone dok se sjevernije od njega premje\u0161ta ciklona s frontalnim sustavom. Istodobno ciklonalno polje prostire se i nad ju\u017enom Italijom.<\/p>\n\n\n\n<p>U takvom rasporedu bari\u010dkih sustava ve\u0107 danas se u drugom dijelu dana o\u010dekuje postupni porast naoblake, a sutra i povremeno slaba ki\u0161a. Povremene ki\u0161e, izglednije na moru i planinskim masivima, biti \u0107e i tijekom prete\u017eno obla\u010dne srijede dok \u0107e obla\u010dno i uglavno suho vrijeme prevladavati u \u010detvrtak i petak. U danima vikenda naoblaka \u0107e se raskinuti uz djelomice do prete\u017eno sun\u010dano vrijeme.<\/p>\n\n\n\n<p>Danas \u0107e se bura privremeno smiriti i prolazno okrenuti na slab do umjeren sjeverozapadnjak. Ve\u0107 u no\u0107i te sutra zapuhati \u0107e umjereno jaka i jaka, na udare i olujna bura, a njezina dominacija u kombinaciji sa tremuntanom obilje\u017eiti \u0107e ovaj vjetroviti tjedan. <\/p>\n\n\n\n<p>Temperature zraka \u0107e biti malo ispod prosjeka za doba godine uz dnevni hod temperature zraka izme\u0111u 8 i 15, u srijedu i do 19\u00b0C.<\/p>\n\n\n\n<p><\/p>\n","protected":false},"excerpt":{"rendered":"<p>Razdoblje nestabilnog i prohladnog vremena koje je nas je zahvatilo u danima proteklog vikenda nakon&#8230;<\/p>\n","protected":false},"author":1,"featured_media":5067,"comment_status":"closed","ping_status":"open","sticky":false,"template":"","format":"standard","meta":{"_monsterinsights_skip_tracking":false,"_monsterinsights_sitenote_active":false,"_monsterinsights_sitenote_note":"","_monsterinsights_sitenote_category":0,"footnotes":""},"categories":[3],"tags":[16,49,222,143],"class_list":["post-7707","post","type-post","status-publish","format-standard","has-post-thumbnail","hentry","category-lokalno-vrijeme","tag-dalmacija","tag-jadran","tag-lokalna-prognoza","tag-tjedna-prognoza"],"_links":{"self":[{"href":"https:\/\/sibenik-meteo.hr\/index.php\/wp-json\/wp\/v2\/posts\/7707","targetHints":{"allow":["GET"]}}],"collection":[{"href":"https:\/\/sibenik-meteo.hr\/index.php\/wp-json\/wp\/v2\/posts"}],"about":[{"href":"https:\/\/sibenik-meteo.hr\/index.php\/wp-json\/wp\/v2\/types\/post"}],"author":[{"embeddable":true,"href":"https:\/\/sibenik-meteo.hr\/index.php\/wp-json\/wp\/v2\/users\/1"}],"replies":[{"embeddable":true,"href":"https:\/\/sibenik-meteo.hr\/index.php\/wp-json\/wp\/v2\/comments?post=7707"}],"version-history":[{"count":1,"href":"https:\/\/sibenik-meteo.hr\/index.php\/wp-json\/wp\/v2\/posts\/7707\/revisions"}],"predecessor-version":[{"id":7708,"href":"https:\/\/sibenik-meteo.hr\/index.php\/wp-json\/wp\/v2\/posts\/7707\/revisions\/7708"}],"wp:featuredmedia":[{"embeddable":true,"href":"https:\/\/sibenik-meteo.hr\/index.php\/wp-json\/wp\/v2\/media\/5067"}],"wp:attachment":[{"href":"https:\/\/sibenik-meteo.hr\/index.php\/wp-json\/wp\/v2\/media?parent=7707"}],"wp:term":[{"taxonomy":"category","embeddable":true,"href":"https:\/\/sibenik-meteo.hr\/index.php\/wp-json\/wp\/v2\/categories?post=7707"},{"taxonomy":"post_tag","embeddable":true,"href":"https:\/\/sibenik-meteo.hr\/index.php\/wp-json\/wp\/v2\/tags?post=7707"}],"curies":[{"name":"wp","href":"https:\/\/api.w.org\/{rel}","templated":true}]}}