{"id":7704,"date":"2026-03-30T05:05:28","date_gmt":"2026-03-30T03:05:28","guid":{"rendered":"https:\/\/sibenik-meteo.hr\/?p=7704"},"modified":"2026-03-30T05:06:31","modified_gmt":"2026-03-30T03:06:31","slug":"potres-kod-murtera","status":"publish","type":"post","link":"https:\/\/sibenik-meteo.hr\/index.php\/2026\/03\/30\/potres-kod-murtera\/","title":{"rendered":"Potres kod Murtera"},"content":{"rendered":"\n<p>Ve\u010deras,&nbsp; 29. o\u017eujka 2026. godine u 22 sata i 00 miinuta&nbsp; Seizmolo\u0161ka slu\u017eba zabilje\u017eila je potres umjerene ja\u010dine s epicentrom kod otoka Murtera. Magnituda potresa iznosila je 3.2 prema Richteru, a intenzitet u epicentru IV (\u010detiri) stupnja EMS ljestvice. Prema dosada\u0161njim podacima, potres se osjetio u \u0161iroj okolici otoka Murtera od Biograda do Vodica.<\/p>\n","protected":false},"excerpt":{"rendered":"<p>Ve\u010deras,&nbsp; 29. o\u017eujka 2026. godine u 22 sata i 00 miinuta&nbsp; Seizmolo\u0161ka slu\u017eba zabilje\u017eila je&#8230;<\/p>\n","protected":false},"author":1,"featured_media":7705,"comment_status":"closed","ping_status":"open","sticky":false,"template":"","format":"standard","meta":{"_monsterinsights_skip_tracking":false,"_monsterinsights_sitenote_active":false,"_monsterinsights_sitenote_note":"","_monsterinsights_sitenote_category":0,"footnotes":""},"categories":[10],"tags":[16,77,596,48],"class_list":["post-7704","post","type-post","status-publish","format-standard","has-post-thumbnail","hentry","category-hrvatska","tag-dalmacija","tag-hrvatska","tag-murter","tag-potres"],"_links":{"self":[{"href":"https:\/\/sibenik-meteo.hr\/index.php\/wp-json\/wp\/v2\/posts\/7704","targetHints":{"allow":["GET"]}}],"collection":[{"href":"https:\/\/sibenik-meteo.hr\/index.php\/wp-json\/wp\/v2\/posts"}],"about":[{"href":"https:\/\/sibenik-meteo.hr\/index.php\/wp-json\/wp\/v2\/types\/post"}],"author":[{"embeddable":true,"href":"https:\/\/sibenik-meteo.hr\/index.php\/wp-json\/wp\/v2\/users\/1"}],"replies":[{"embeddable":true,"href":"https:\/\/sibenik-meteo.hr\/index.php\/wp-json\/wp\/v2\/comments?post=7704"}],"version-history":[{"count":1,"href":"https:\/\/sibenik-meteo.hr\/index.php\/wp-json\/wp\/v2\/posts\/7704\/revisions"}],"predecessor-version":[{"id":7706,"href":"https:\/\/sibenik-meteo.hr\/index.php\/wp-json\/wp\/v2\/posts\/7704\/revisions\/7706"}],"wp:featuredmedia":[{"embeddable":true,"href":"https:\/\/sibenik-meteo.hr\/index.php\/wp-json\/wp\/v2\/media\/7705"}],"wp:attachment":[{"href":"https:\/\/sibenik-meteo.hr\/index.php\/wp-json\/wp\/v2\/media?parent=7704"}],"wp:term":[{"taxonomy":"category","embeddable":true,"href":"https:\/\/sibenik-meteo.hr\/index.php\/wp-json\/wp\/v2\/categories?post=7704"},{"taxonomy":"post_tag","embeddable":true,"href":"https:\/\/sibenik-meteo.hr\/index.php\/wp-json\/wp\/v2\/tags?post=7704"}],"curies":[{"name":"wp","href":"https:\/\/api.w.org\/{rel}","templated":true}]}}