{"id":7701,"date":"2026-03-28T13:35:01","date_gmt":"2026-03-28T12:35:01","guid":{"rendered":"https:\/\/sibenik-meteo.hr\/?p=7701"},"modified":"2026-03-28T13:39:10","modified_gmt":"2026-03-28T12:39:10","slug":"prelazak-na-ljetno-racunanje-vremena","status":"publish","type":"post","link":"https:\/\/sibenik-meteo.hr\/index.php\/2026\/03\/28\/prelazak-na-ljetno-racunanje-vremena\/","title":{"rendered":"Prelazak na ljetno ra\u010dunanje vremena"},"content":{"rendered":"\n<p>U no\u0107i sa subote na nedjelju, <strong>29. o\u017eujka 2026.<\/strong>,  kazaljke pomi\u010demo jedan sat unaprijed, s 2 sata na 3 sata. Iako je  izvorna ideja iz Prvog svjetskog rata bila u\u0161teda energije, suvremene  analize pokazuju da su te u\u0161tede danas zanemarive.<\/p>\n\n\n\n<p>Glavni zagovornici ljetnog ra\u010dunanja vremena su trgova\u010dki lanci i  ugostitelji. Logika je jednostavna: ljudi tro\u0161e vi\u0161e novca dok je vani  dan. Dodatni sat sunca nakon radnog vremena poti\u010de spontanu kupovinu,  odlaske na terase restorana i dulji boravak turista na otvorenom.  Poseban profit bilje\u017ei industrija rekreacije, pi\u0161e <a href=\"https:\/\/www.poslovni.hr\/svijet\/pomicu-se-kazaljke-na-satu-evo-tko-ce-od-toga-moci-i-zaraditi-4528500\">Poslovni dnevnik<\/a>.<\/p>\n\n\n\n<p>Istodobno dok trgovci trljaju ruke, dru\u0161tvo pla\u0107a visoku cijenu kroz zdravlje.  Nagla promjena remeti bioritam, \u0161to dovodi do manjka sna i pada  produktivnosti. <\/p>\n","protected":false},"excerpt":{"rendered":"<p>U no\u0107i sa subote na nedjelju, 29. o\u017eujka 2026., kazaljke pomi\u010demo jedan sat unaprijed, s&#8230;<\/p>\n","protected":false},"author":1,"featured_media":192,"comment_status":"closed","ping_status":"open","sticky":false,"template":"","format":"standard","meta":{"_monsterinsights_skip_tracking":false,"_monsterinsights_sitenote_active":false,"_monsterinsights_sitenote_note":"","_monsterinsights_sitenote_category":0,"footnotes":""},"categories":[10],"tags":[232,77,5,4],"class_list":["post-7701","post","type-post","status-publish","format-standard","has-post-thumbnail","hentry","category-hrvatska","tag-europa","tag-hrvatska","tag-ljetno-vrijeme","tag-pomicanje-sata"],"_links":{"self":[{"href":"https:\/\/sibenik-meteo.hr\/index.php\/wp-json\/wp\/v2\/posts\/7701","targetHints":{"allow":["GET"]}}],"collection":[{"href":"https:\/\/sibenik-meteo.hr\/index.php\/wp-json\/wp\/v2\/posts"}],"about":[{"href":"https:\/\/sibenik-meteo.hr\/index.php\/wp-json\/wp\/v2\/types\/post"}],"author":[{"embeddable":true,"href":"https:\/\/sibenik-meteo.hr\/index.php\/wp-json\/wp\/v2\/users\/1"}],"replies":[{"embeddable":true,"href":"https:\/\/sibenik-meteo.hr\/index.php\/wp-json\/wp\/v2\/comments?post=7701"}],"version-history":[{"count":2,"href":"https:\/\/sibenik-meteo.hr\/index.php\/wp-json\/wp\/v2\/posts\/7701\/revisions"}],"predecessor-version":[{"id":7703,"href":"https:\/\/sibenik-meteo.hr\/index.php\/wp-json\/wp\/v2\/posts\/7701\/revisions\/7703"}],"wp:featuredmedia":[{"embeddable":true,"href":"https:\/\/sibenik-meteo.hr\/index.php\/wp-json\/wp\/v2\/media\/192"}],"wp:attachment":[{"href":"https:\/\/sibenik-meteo.hr\/index.php\/wp-json\/wp\/v2\/media?parent=7701"}],"wp:term":[{"taxonomy":"category","embeddable":true,"href":"https:\/\/sibenik-meteo.hr\/index.php\/wp-json\/wp\/v2\/categories?post=7701"},{"taxonomy":"post_tag","embeddable":true,"href":"https:\/\/sibenik-meteo.hr\/index.php\/wp-json\/wp\/v2\/tags?post=7701"}],"curies":[{"name":"wp","href":"https:\/\/api.w.org\/{rel}","templated":true}]}}