{"id":7686,"date":"2026-03-23T13:15:22","date_gmt":"2026-03-23T12:15:22","guid":{"rendered":"https:\/\/sibenik-meteo.hr\/?p=7686"},"modified":"2026-03-23T13:15:22","modified_gmt":"2026-03-23T12:15:22","slug":"izjava-glavne-tajnice-wmo-a-povodom-svjetskog-meteoroloskog-dana-2026","status":"publish","type":"post","link":"https:\/\/sibenik-meteo.hr\/index.php\/2026\/03\/23\/izjava-glavne-tajnice-wmo-a-povodom-svjetskog-meteoroloskog-dana-2026\/","title":{"rendered":"Izjava glavne tajnice WMO-a povodom Svjetskog meteorolo\u0161kog dana 2026."},"content":{"rendered":"\n<p>Dragi \u010dlanovi, kolegice i kolege i prijatelji,<\/p>\n\n\n\n<p>\u010cestitam vam Svjetski meteorolo\u0161ki dan.<\/p>\n\n\n\n<p>Me\u0111u brojnim me\u0111unarodnim danima Ujedinjenih naroda, ovaj je poseban \njer slavimo globalnu meteorolo\u0161ku zajednicu i njezin doprinos za\u0161titi \n\u017eivota i slu\u017eenju dru\u0161tvu.<\/p>\n\n\n\n<p>Pogledajmo pobli\u017ee za\u0161to je to va\u017eno. <\/p>\n\n\n\n<p>Jedno od naj\u010de\u0161\u0107ih pitanja koje ljudi postavljaju glasi: <em>Kakvo \u0107e biti vrijeme?<\/em>\n<br>Odgovor se danas brzo pronalazi na mobitelima ili televiziji, ali \niza svake prognoze stoje milijuni mjerenja iz goleme me\u0111unarodne mre\u017ee \nkoju koordinira Svjetska meteorolo\u0161ka organizacija (WMO).\n<\/p>\n\n\n\n<p>Taj globalni sustav motrenja podr\u017eava odluke vrijedne milijarde \ndolara \u2013 od zrakoplovstva i obrane od poplava, preko energetskog \nplaniranja i zdravstva, do poljoprivrede i ulaganja u infrastrukturu. \nUpravo ta motrenja omogu\u0107uju pouzdane prognoze i pravovremena upozorenja\n koja spa\u0161avaju na tisu\u0107e \u017eivota.\n<\/p>\n\n\n\n<p>Zato je tema ovogodi\u0161njeg Svjetskog meteorolo\u0161kog dana <em>Mjerenjima danas do sigurnijeg sutra<\/em>.\n Kad promatramo sada\u0161nje stanje atmosfere, oceana i okoli\u0161a, time ne \npredvi\u0111amo samo vrijeme \u2013 ve\u0107 \u0161titimo budu\u0107e generacije i Zemlju.<\/p>\n\n\n\n<p>Mladi su u tome klju\u010dni \u2013 oni nose budu\u0107nost i potrebne su nam njihova energija, ideje i stru\u010dnost.<\/p>\n\n\n\n<p>Dragi kolegice i kolege, dragi prijatelji, <\/p>\n\n\n\n<p>\u017eivimo u razdoblju sna\u017enog tehnolo\u0161kog napretka. No taj napredak mora\n biti jednako dostupan svima. Moramo smanjiti praznine u podacima i u \nsustavima motrenja. Pritom ne smijemo zaboraviti da se umjetna \ninteligencija temelji na ljudskom znanju.<\/p>\n\n\n\n<p>Zato na ovaj Svjetski meteorolo\u0161ki dan odajemo priznanje tisu\u0107ama ljudi u WMO zajednici:<\/p>\n\n\n\n<ul class=\"wp-block-list\"><li>motriteljima na udaljenim i zahtjevnim lokacijama <\/li><li>meteorolozima koji svaki dan dva puta pu\u0161taju radiosonda\u017ee<\/li><li>hidrolozima koji ranom zorom prate vodostaje<\/li><li>prognosti\u010darima koji bdiju tijekom no\u0107i <\/li><li>oceanografima koji prkose valovima<\/li><li>in\u017eenjerima koji popravljaju postaje nakon oluja<\/li><li>tehni\u010darima koji odr\u017eavaju satelite <\/li><li>klimatolozima koji nam poma\u017eu razumjeti pro\u0161lost i pripremiti se za budu\u0107nost<\/li><li>podatkovnim stru\u010dnjacima koji prikupljaju, obra\u0111uju i dijele podatke<\/li><\/ul>\n\n\n\n<p>Na\u0161 je rad mnogo ve\u0107i od prognoze vremana. Zajedno pru\u017eamo globalnu javnu uslugu za op\u0107e dobro.<\/p>\n\n\n\n<p>Zajedno \u2013 motrimo danas i \u0161titimo sutra.<\/p>\n\n\n\n<p>Hvala vam svima.<\/p>\n\n\n\n<p>Jo\u0161 jednom, sretan Svjetski meteorolo\u0161ki dan!<\/p>\n\n\n\n<p>Profesorica Celeste Saulo, \n\t<br>glavna tajnica WMO-a\n<\/p>\n","protected":false},"excerpt":{"rendered":"<p>Dragi \u010dlanovi, kolegice i kolege i prijatelji, \u010cestitam vam Svjetski meteorolo\u0161ki dan. Me\u0111u brojnim me\u0111unarodnim&#8230;<\/p>\n","protected":false},"author":1,"featured_media":5483,"comment_status":"closed","ping_status":"open","sticky":false,"template":"","format":"standard","meta":{"_monsterinsights_skip_tracking":false,"_monsterinsights_sitenote_active":false,"_monsterinsights_sitenote_note":"","_monsterinsights_sitenote_category":0,"footnotes":""},"categories":[9],"tags":[797,278,653,313],"class_list":["post-7686","post","type-post","status-publish","format-standard","has-post-thumbnail","hentry","category-svijet","tag-797","tag-meteorologija","tag-svjetski-meteoroloski-dan","tag-wmo"],"_links":{"self":[{"href":"https:\/\/sibenik-meteo.hr\/index.php\/wp-json\/wp\/v2\/posts\/7686","targetHints":{"allow":["GET"]}}],"collection":[{"href":"https:\/\/sibenik-meteo.hr\/index.php\/wp-json\/wp\/v2\/posts"}],"about":[{"href":"https:\/\/sibenik-meteo.hr\/index.php\/wp-json\/wp\/v2\/types\/post"}],"author":[{"embeddable":true,"href":"https:\/\/sibenik-meteo.hr\/index.php\/wp-json\/wp\/v2\/users\/1"}],"replies":[{"embeddable":true,"href":"https:\/\/sibenik-meteo.hr\/index.php\/wp-json\/wp\/v2\/comments?post=7686"}],"version-history":[{"count":1,"href":"https:\/\/sibenik-meteo.hr\/index.php\/wp-json\/wp\/v2\/posts\/7686\/revisions"}],"predecessor-version":[{"id":7687,"href":"https:\/\/sibenik-meteo.hr\/index.php\/wp-json\/wp\/v2\/posts\/7686\/revisions\/7687"}],"wp:featuredmedia":[{"embeddable":true,"href":"https:\/\/sibenik-meteo.hr\/index.php\/wp-json\/wp\/v2\/media\/5483"}],"wp:attachment":[{"href":"https:\/\/sibenik-meteo.hr\/index.php\/wp-json\/wp\/v2\/media?parent=7686"}],"wp:term":[{"taxonomy":"category","embeddable":true,"href":"https:\/\/sibenik-meteo.hr\/index.php\/wp-json\/wp\/v2\/categories?post=7686"},{"taxonomy":"post_tag","embeddable":true,"href":"https:\/\/sibenik-meteo.hr\/index.php\/wp-json\/wp\/v2\/tags?post=7686"}],"curies":[{"name":"wp","href":"https:\/\/api.w.org\/{rel}","templated":true}]}}