{"id":7679,"date":"2026-03-16T11:09:41","date_gmt":"2026-03-16T10:09:41","guid":{"rendered":"https:\/\/sibenik-meteo.hr\/?p=7679"},"modified":"2026-03-16T11:09:41","modified_gmt":"2026-03-16T10:09:41","slug":"sredinom-tjedna-uz-kisu-zapuhati-ce-nam-i-marcana-bura","status":"publish","type":"post","link":"https:\/\/sibenik-meteo.hr\/index.php\/2026\/03\/16\/sredinom-tjedna-uz-kisu-zapuhati-ce-nam-i-marcana-bura\/","title":{"rendered":"Sredinom tjedna uz ki\u0161u zapuhati \u0107e nam i mar\u010dana bura"},"content":{"rendered":"\n<p>Iako je prema pu\u010dkom vjerovanju polovicom o\u017eujka trebala ve\u0107 zapuhati druga, sutra nam nastupa prva mar\u010dana bura i to sve kao posljedica premje\u0161tanja ciklone s frontalnim sustavom malo ju\u017enije od nas.<\/p>\n\n\n\n<p>U nastavku dana prete\u017eno sun\u010dano, a kasno nave\u010der se o\u010dekuje postupni porast naoblake, a sutra te osobito u srijedu i povremena ki\u0161a. Od \u010detvrtka nastupa stabilizacija vremena uz prestanak oborina te raskidanje naoblake pa \u0107e dani do kraja tjedna ponovno obilovati sun\u010danim i ugodno toplim vremenom.<\/p>\n\n\n\n<p>Umjerena do umjereno jaka bura zapuhati \u0107e ove no\u0107i, a tijekom srijede zbog blizine ciklonalnog centra na\u0161i krajevi \u0107e se na\u0107i na granici juga i bure. Od \u010detvrtka odmicanjem ciklone ju\u017enije bura i sjeverozapadni vjetar \u0107e ponovno postati dominantni na ru\u017ei vjetrova i to sve do sredine vikenda kada \u0107e ponovno uz ne\u0161to vi\u0161e naoblake biti promjenjiv ili povremeno puhati iz ju\u017enog kvadranta.<\/p>\n\n\n\n<p>Temperature zraka sa mar\u010danom burom ne\u0107e se odve\u0107 sniziti pa \u0107e se maksimalne vrijednosti sutra i u srijedu kretati izme\u0111u 12 i 15\u00b0C. U ostatku tjedna ugodno toplo uz dnevni hod temperature zraka od 7 do 17, a danas i do 20\u00b0C.<\/p>\n\n\n\n<p><\/p>\n","protected":false},"excerpt":{"rendered":"<p>Iako je prema pu\u010dkom vjerovanju polovicom o\u017eujka trebala ve\u0107 zapuhati druga, sutra nam nastupa prva&#8230;<\/p>\n","protected":false},"author":1,"featured_media":1648,"comment_status":"closed","ping_status":"open","sticky":false,"template":"","format":"standard","meta":{"_monsterinsights_skip_tracking":false,"_monsterinsights_sitenote_active":false,"_monsterinsights_sitenote_note":"","_monsterinsights_sitenote_category":0,"footnotes":""},"categories":[3],"tags":[16,77,49,222,143],"class_list":["post-7679","post","type-post","status-publish","format-standard","has-post-thumbnail","hentry","category-lokalno-vrijeme","tag-dalmacija","tag-hrvatska","tag-jadran","tag-lokalna-prognoza","tag-tjedna-prognoza"],"_links":{"self":[{"href":"https:\/\/sibenik-meteo.hr\/index.php\/wp-json\/wp\/v2\/posts\/7679","targetHints":{"allow":["GET"]}}],"collection":[{"href":"https:\/\/sibenik-meteo.hr\/index.php\/wp-json\/wp\/v2\/posts"}],"about":[{"href":"https:\/\/sibenik-meteo.hr\/index.php\/wp-json\/wp\/v2\/types\/post"}],"author":[{"embeddable":true,"href":"https:\/\/sibenik-meteo.hr\/index.php\/wp-json\/wp\/v2\/users\/1"}],"replies":[{"embeddable":true,"href":"https:\/\/sibenik-meteo.hr\/index.php\/wp-json\/wp\/v2\/comments?post=7679"}],"version-history":[{"count":1,"href":"https:\/\/sibenik-meteo.hr\/index.php\/wp-json\/wp\/v2\/posts\/7679\/revisions"}],"predecessor-version":[{"id":7680,"href":"https:\/\/sibenik-meteo.hr\/index.php\/wp-json\/wp\/v2\/posts\/7679\/revisions\/7680"}],"wp:featuredmedia":[{"embeddable":true,"href":"https:\/\/sibenik-meteo.hr\/index.php\/wp-json\/wp\/v2\/media\/1648"}],"wp:attachment":[{"href":"https:\/\/sibenik-meteo.hr\/index.php\/wp-json\/wp\/v2\/media?parent=7679"}],"wp:term":[{"taxonomy":"category","embeddable":true,"href":"https:\/\/sibenik-meteo.hr\/index.php\/wp-json\/wp\/v2\/categories?post=7679"},{"taxonomy":"post_tag","embeddable":true,"href":"https:\/\/sibenik-meteo.hr\/index.php\/wp-json\/wp\/v2\/tags?post=7679"}],"curies":[{"name":"wp","href":"https:\/\/api.w.org\/{rel}","templated":true}]}}