{"id":7674,"date":"2026-03-13T13:20:51","date_gmt":"2026-03-13T12:20:51","guid":{"rendered":"https:\/\/sibenik-meteo.hr\/?p=7674"},"modified":"2026-03-13T14:16:18","modified_gmt":"2026-03-13T13:16:18","slug":"vikend-uz-jugo-i-rijetke-lokalne-pljuskove","status":"publish","type":"post","link":"https:\/\/sibenik-meteo.hr\/index.php\/2026\/03\/13\/vikend-uz-jugo-i-rijetke-lokalne-pljuskove\/","title":{"rendered":"Vikend uz jugo i rijetke lokalne pljuskove"},"content":{"rendered":"\n<p>Anticiklonalno polje nad Jadranom polako slabi, a sa zapada sve vi\u0161e pristi\u017ee vla\u017ean i nestabilan zrak \u0161to \u0107e u danima vikenda donijeti promjenu vremenskog obrasca od prethodnih dana, prvenstveno u smislu ja\u010danja vjetra.<\/p>\n\n\n\n<p>Naime jo\u0161 danas se o\u010dekuje stabilno, tiho i prete\u017eno sun\u010dano vrijeme uz dnevne temperature zraka i do 18\u00b0C. Od sutra sve \u010de\u0161\u0107a izmjena sun\u010danih i obla\u010dnih perioda uz umjereno jugo, a lokalno valja o\u010dekivati i pojavu slabih pljuskova, osobito sutra.<\/p>\n\n\n\n<p>Temperature zraka \u0107e uz ju\u017einu i dalje biti ugodne i kretati se izme\u0111u 7 i 18\u00b0C.<\/p>\n","protected":false},"excerpt":{"rendered":"<p>Anticiklonalno polje nad Jadranom polako slabi, a sa zapada sve vi\u0161e pristi\u017ee vla\u017ean i nestabilan&#8230;<\/p>\n","protected":false},"author":1,"featured_media":3399,"comment_status":"closed","ping_status":"open","sticky":false,"template":"","format":"standard","meta":{"_monsterinsights_skip_tracking":false,"_monsterinsights_sitenote_active":false,"_monsterinsights_sitenote_note":"","_monsterinsights_sitenote_category":0,"footnotes":""},"categories":[3],"tags":[16,49,222,76,340],"class_list":["post-7674","post","type-post","status-publish","format-standard","has-post-thumbnail","hentry","category-lokalno-vrijeme","tag-dalmacija","tag-jadran","tag-lokalna-prognoza","tag-prognoza-vremena","tag-vikend-prognoza"],"_links":{"self":[{"href":"https:\/\/sibenik-meteo.hr\/index.php\/wp-json\/wp\/v2\/posts\/7674","targetHints":{"allow":["GET"]}}],"collection":[{"href":"https:\/\/sibenik-meteo.hr\/index.php\/wp-json\/wp\/v2\/posts"}],"about":[{"href":"https:\/\/sibenik-meteo.hr\/index.php\/wp-json\/wp\/v2\/types\/post"}],"author":[{"embeddable":true,"href":"https:\/\/sibenik-meteo.hr\/index.php\/wp-json\/wp\/v2\/users\/1"}],"replies":[{"embeddable":true,"href":"https:\/\/sibenik-meteo.hr\/index.php\/wp-json\/wp\/v2\/comments?post=7674"}],"version-history":[{"count":3,"href":"https:\/\/sibenik-meteo.hr\/index.php\/wp-json\/wp\/v2\/posts\/7674\/revisions"}],"predecessor-version":[{"id":7677,"href":"https:\/\/sibenik-meteo.hr\/index.php\/wp-json\/wp\/v2\/posts\/7674\/revisions\/7677"}],"wp:featuredmedia":[{"embeddable":true,"href":"https:\/\/sibenik-meteo.hr\/index.php\/wp-json\/wp\/v2\/media\/3399"}],"wp:attachment":[{"href":"https:\/\/sibenik-meteo.hr\/index.php\/wp-json\/wp\/v2\/media?parent=7674"}],"wp:term":[{"taxonomy":"category","embeddable":true,"href":"https:\/\/sibenik-meteo.hr\/index.php\/wp-json\/wp\/v2\/categories?post=7674"},{"taxonomy":"post_tag","embeddable":true,"href":"https:\/\/sibenik-meteo.hr\/index.php\/wp-json\/wp\/v2\/tags?post=7674"}],"curies":[{"name":"wp","href":"https:\/\/api.w.org\/{rel}","templated":true}]}}