{"id":7672,"date":"2026-03-06T11:00:50","date_gmt":"2026-03-06T10:00:50","guid":{"rendered":"https:\/\/sibenik-meteo.hr\/?p=7672"},"modified":"2026-03-06T11:00:51","modified_gmt":"2026-03-06T10:00:51","slug":"i-u-danima-vikenda-stabilno-lokalno-uz-jutarnju-maglu","status":"publish","type":"post","link":"https:\/\/sibenik-meteo.hr\/index.php\/2026\/03\/06\/i-u-danima-vikenda-stabilno-lokalno-uz-jutarnju-maglu\/","title":{"rendered":"I u danima vikenda stabilno, lokalno uz jutarnju maglu"},"content":{"rendered":"\n<p>Anticiklonalno polje nastavlja podr\u017eavati stabilne vremenske prilike na Jadranu, a sli\u010dni vremnski obrazac o\u010dekuje nas i u danima vikenda.<\/p>\n\n\n\n<p>Stoga je za o\u010dekivati djelomice do prete\u017eno sun\u010dano vrijeme, ujutro uz sumaglicu i maglu, osobito na zadarskom podru\u010dju, koja se zatim mo\u017ee izdignuti u nisku naoblaku.<\/p>\n\n\n\n<p>Vjetar \u0107e biti sasvim slab, danju uglavnom sa mora prema kopnu. <\/p>\n\n\n\n<p>Temperature zraka i dalje \u0107e biti ugodne uz dnevni hod izme\u0111u jutarnjih 6 do maksimalno dnevnih 18\u00b0C, u zale\u0111u lokalno poneki stupanj i vi\u0161e.<\/p>\n","protected":false},"excerpt":{"rendered":"<p>Anticiklonalno polje nastavlja podr\u017eavati stabilne vremenske prilike na Jadranu, a sli\u010dni vremnski obrazac o\u010dekuje nas&#8230;<\/p>\n","protected":false},"author":1,"featured_media":4415,"comment_status":"closed","ping_status":"open","sticky":false,"template":"","format":"standard","meta":{"_monsterinsights_skip_tracking":false,"_monsterinsights_sitenote_active":false,"_monsterinsights_sitenote_note":"","_monsterinsights_sitenote_category":0,"footnotes":""},"categories":[3],"tags":[16,49,222,340],"class_list":["post-7672","post","type-post","status-publish","format-standard","has-post-thumbnail","hentry","category-lokalno-vrijeme","tag-dalmacija","tag-jadran","tag-lokalna-prognoza","tag-vikend-prognoza"],"_links":{"self":[{"href":"https:\/\/sibenik-meteo.hr\/index.php\/wp-json\/wp\/v2\/posts\/7672","targetHints":{"allow":["GET"]}}],"collection":[{"href":"https:\/\/sibenik-meteo.hr\/index.php\/wp-json\/wp\/v2\/posts"}],"about":[{"href":"https:\/\/sibenik-meteo.hr\/index.php\/wp-json\/wp\/v2\/types\/post"}],"author":[{"embeddable":true,"href":"https:\/\/sibenik-meteo.hr\/index.php\/wp-json\/wp\/v2\/users\/1"}],"replies":[{"embeddable":true,"href":"https:\/\/sibenik-meteo.hr\/index.php\/wp-json\/wp\/v2\/comments?post=7672"}],"version-history":[{"count":1,"href":"https:\/\/sibenik-meteo.hr\/index.php\/wp-json\/wp\/v2\/posts\/7672\/revisions"}],"predecessor-version":[{"id":7673,"href":"https:\/\/sibenik-meteo.hr\/index.php\/wp-json\/wp\/v2\/posts\/7672\/revisions\/7673"}],"wp:featuredmedia":[{"embeddable":true,"href":"https:\/\/sibenik-meteo.hr\/index.php\/wp-json\/wp\/v2\/media\/4415"}],"wp:attachment":[{"href":"https:\/\/sibenik-meteo.hr\/index.php\/wp-json\/wp\/v2\/media?parent=7672"}],"wp:term":[{"taxonomy":"category","embeddable":true,"href":"https:\/\/sibenik-meteo.hr\/index.php\/wp-json\/wp\/v2\/categories?post=7672"},{"taxonomy":"post_tag","embeddable":true,"href":"https:\/\/sibenik-meteo.hr\/index.php\/wp-json\/wp\/v2\/tags?post=7672"}],"curies":[{"name":"wp","href":"https:\/\/api.w.org\/{rel}","templated":true}]}}