{"id":7669,"date":"2026-03-05T10:51:02","date_gmt":"2026-03-05T09:51:02","guid":{"rendered":"https:\/\/sibenik-meteo.hr\/?p=7669"},"modified":"2026-03-05T10:51:04","modified_gmt":"2026-03-05T09:51:04","slug":"veljaca-je-bila-iznadprosjecno-topla-uz-obalu-i-oborinski-bogata","status":"publish","type":"post","link":"https:\/\/sibenik-meteo.hr\/index.php\/2026\/03\/05\/veljaca-je-bila-iznadprosjecno-topla-uz-obalu-i-oborinski-bogata\/","title":{"rendered":"Velja\u010da je bila iznadprosje\u010dno topla, uz obalu i oborinski bogata"},"content":{"rendered":"\n<p>Nakon sije\u010dnja koji je po srednjim vi\u0161egodi\u0161njim temperaturama zraka bio u ve\u0107ini krajeva prosje\u010dan u velja\u010di one su o\u010dekivano bile vi\u0161e. Po pitanju oborina nakon ki\u0161nog sije\u010dnja i u velja\u010di su u obalnom dijelu zemlje bile iznad prosjeka dok su u ostatku zemlje one bile u vi\u0161egodfi\u0161njim prosjecima.<\/p>\n\n\n\n<p><strong>ODSTUPANJE SREDNJE MJESE\u010cNE TEMPERATURE ZRAKA ZA VELJA\u010cU 2026.<\/strong><\/p>\n\n\n\n<p>Odstupanja srednje temperature zraka u odnosu na normalu 1991. \u2013 \n2020. nalaze se u rasponu od 1,7 \u00b0C (Makarska) do 4,7 \u00b0C (Gospi\u0107).<\/p>\n\n\n\n<p>Prema raspodjeli percentila, velja\u010da je u ve\u0107em dijelu zemlje bila \ntopla: u kontinentalnoj Hrvatskoj, \u0161iroj okolici Ogulina, na Rabu, na \n\u0161ibenskom podru\u010dju, u srednjoj i ju\u017enoj Dalmaciji te na krajnjem jugu \nzemlje. Vrlo toplo bilo je u ve\u0107em dijelu gorske Hrvatske, sjevernog \nHrvatskog primorja i sjeverne Dalmacije te na Lastovu.<\/p>\n\n\n\n<figure class=\"wp-block-image\"><img decoding=\"async\" src=\"https:\/\/klima.hr\/ocjene\/2026\/2_2026temp.png\" alt=\"\"\/><\/figure>\n\n\n\n<p><\/p>\n\n\n\n<p><strong>ODSTUPANJE KOLI\u010cINE OBORINE ZA VELJA\u010cU 2026.<\/strong><\/p>\n\n\n\n<p>Odstupanja koli\u010dine oborine u odnosu na normalu 1991. \u2013 2020. nalaze \nse u rasponu od 43,2 % (Slavonski Brod 19,4 mm) do 289,2 % (Lastovo \n157,3 mm).<\/p>\n\n\n\n<p>Prema raspodjeli percentila, velja\u010da je bila su\u0161na u Slavonskom \nBrodu, normalna u ve\u0107em dijelu kontinentalne i gorske Hrvatske, a ki\u0161na \nna podru\u010dju Vara\u017edina, Zagreba i Rijeke, u kopnenom dijelu sjeverne \nDalmacije, na postajama Rab i Hvar te na podru\u010dju Plo\u010da i Dubrovnika. \nVrlo ki\u0161no bilo je u Pazinu i Malom Lo\u0161inju, u obalnom dijelu sjeverne \nDalmacije, u srednjoj Dalmaciji te na Lastovu.<\/p>\n\n\n\n<figure class=\"wp-block-image\"><img decoding=\"async\" src=\"https:\/\/klima.hr\/ocjene\/2026\/2_2026oborina.png\" alt=\"\"\/><\/figure>\n","protected":false},"excerpt":{"rendered":"<p>Nakon sije\u010dnja koji je po srednjim vi\u0161egodi\u0161njim temperaturama zraka bio u ve\u0107ini krajeva prosje\u010dan u&#8230;<\/p>\n","protected":false},"author":1,"featured_media":7491,"comment_status":"closed","ping_status":"open","sticky":false,"template":"","format":"standard","meta":{"_monsterinsights_skip_tracking":false,"_monsterinsights_sitenote_active":false,"_monsterinsights_sitenote_note":"","_monsterinsights_sitenote_category":0,"footnotes":""},"categories":[10],"tags":[410,50,77,55,51],"class_list":["post-7669","post","type-post","status-publish","format-standard","has-post-thumbnail","hentry","category-hrvatska","tag-analiza","tag-dhmz","tag-hrvatska","tag-klima","tag-priopcenje"],"_links":{"self":[{"href":"https:\/\/sibenik-meteo.hr\/index.php\/wp-json\/wp\/v2\/posts\/7669","targetHints":{"allow":["GET"]}}],"collection":[{"href":"https:\/\/sibenik-meteo.hr\/index.php\/wp-json\/wp\/v2\/posts"}],"about":[{"href":"https:\/\/sibenik-meteo.hr\/index.php\/wp-json\/wp\/v2\/types\/post"}],"author":[{"embeddable":true,"href":"https:\/\/sibenik-meteo.hr\/index.php\/wp-json\/wp\/v2\/users\/1"}],"replies":[{"embeddable":true,"href":"https:\/\/sibenik-meteo.hr\/index.php\/wp-json\/wp\/v2\/comments?post=7669"}],"version-history":[{"count":1,"href":"https:\/\/sibenik-meteo.hr\/index.php\/wp-json\/wp\/v2\/posts\/7669\/revisions"}],"predecessor-version":[{"id":7670,"href":"https:\/\/sibenik-meteo.hr\/index.php\/wp-json\/wp\/v2\/posts\/7669\/revisions\/7670"}],"wp:featuredmedia":[{"embeddable":true,"href":"https:\/\/sibenik-meteo.hr\/index.php\/wp-json\/wp\/v2\/media\/7491"}],"wp:attachment":[{"href":"https:\/\/sibenik-meteo.hr\/index.php\/wp-json\/wp\/v2\/media?parent=7669"}],"wp:term":[{"taxonomy":"category","embeddable":true,"href":"https:\/\/sibenik-meteo.hr\/index.php\/wp-json\/wp\/v2\/categories?post=7669"},{"taxonomy":"post_tag","embeddable":true,"href":"https:\/\/sibenik-meteo.hr\/index.php\/wp-json\/wp\/v2\/tags?post=7669"}],"curies":[{"name":"wp","href":"https:\/\/api.w.org\/{rel}","templated":true}]}}