{"id":7664,"date":"2026-03-04T05:38:32","date_gmt":"2026-03-04T04:38:32","guid":{"rendered":"https:\/\/sibenik-meteo.hr\/?p=7664"},"modified":"2026-03-04T05:39:59","modified_gmt":"2026-03-04T04:39:59","slug":"sinoc-dva-potresa-u-dalmaciji","status":"publish","type":"post","link":"https:\/\/sibenik-meteo.hr\/index.php\/2026\/03\/04\/sinoc-dva-potresa-u-dalmaciji\/","title":{"rendered":"Sino\u0107 dva potresa u Dalmaciji"},"content":{"rendered":"\n<p>\u010cak dva potresa sa epicentrom na podru\u010dju sjevernog dijela Dalmacije sino\u0107 su uznemirili gra\u0111ane od Zadra do Splita i ju\u017enije.<\/p>\n\n\n\n<p>Prvi i slabiji se prema priop\u0107enju <a href=\"https:\/\/www.pmf.unizg.hr\/geof\/seizmoloska_sluzba\/izvjesca_o_potresima?@=1ozev#news_45225\">Geofizi\u010dkog odsjeka<\/a> u Zagrebu dogodio u 0:50h i imao je snagu 2.9 Richtera i epicentar kod Murvice. Osjetio se na \u0161irem prostoru Ravnih kotara, Zadra i Benkovca.<\/p>\n\n\n\n<p>Drugi i sna\u017eniji zbio se u 1:23h kada je Seizmolo\u0161ka slu\u017eba zabilje\u017eila prili\u010dno jak potres s epicentrom kod Siveri\u0107a, tek 2 kilometra od Drni\u0161a. Magnituda mu je bila 3.9 po Richteru, a intenzitet  u epicentru V EMS. Osjetio se na \u0161irem podru\u010dju sjeverne i srednje Dalmacije, odnosno od Zadra do Makarske.<\/p>\n\n\n\n<p>Rije\u010d je o poprili\u010dno plitkom potresu sa dubinom epicentra na 6 kilometara, a kako javljaju gra\u0111ani osim karakteristi\u010dne tutnjave nalik grmljavini osjetio se i kratkotrajan i poprili\u010dno jak udar te tre\u0161njava.<\/p>\n","protected":false},"excerpt":{"rendered":"<p>\u010cak dva potresa sa epicentrom na podru\u010dju sjevernog dijela Dalmacije sino\u0107 su uznemirili gra\u0111ane od&#8230;<\/p>\n","protected":false},"author":1,"featured_media":7665,"comment_status":"closed","ping_status":"open","sticky":false,"template":"","format":"standard","meta":{"_monsterinsights_skip_tracking":false,"_monsterinsights_sitenote_active":false,"_monsterinsights_sitenote_note":"","_monsterinsights_sitenote_category":0,"footnotes":""},"categories":[10],"tags":[16,395,77,48,61,192,85],"class_list":["post-7664","post","type-post","status-publish","format-standard","has-post-thumbnail","hentry","category-hrvatska","tag-dalmacija","tag-drnis","tag-hrvatska","tag-potres","tag-sibenik","tag-split","tag-zadar"],"_links":{"self":[{"href":"https:\/\/sibenik-meteo.hr\/index.php\/wp-json\/wp\/v2\/posts\/7664","targetHints":{"allow":["GET"]}}],"collection":[{"href":"https:\/\/sibenik-meteo.hr\/index.php\/wp-json\/wp\/v2\/posts"}],"about":[{"href":"https:\/\/sibenik-meteo.hr\/index.php\/wp-json\/wp\/v2\/types\/post"}],"author":[{"embeddable":true,"href":"https:\/\/sibenik-meteo.hr\/index.php\/wp-json\/wp\/v2\/users\/1"}],"replies":[{"embeddable":true,"href":"https:\/\/sibenik-meteo.hr\/index.php\/wp-json\/wp\/v2\/comments?post=7664"}],"version-history":[{"count":3,"href":"https:\/\/sibenik-meteo.hr\/index.php\/wp-json\/wp\/v2\/posts\/7664\/revisions"}],"predecessor-version":[{"id":7668,"href":"https:\/\/sibenik-meteo.hr\/index.php\/wp-json\/wp\/v2\/posts\/7664\/revisions\/7668"}],"wp:featuredmedia":[{"embeddable":true,"href":"https:\/\/sibenik-meteo.hr\/index.php\/wp-json\/wp\/v2\/media\/7665"}],"wp:attachment":[{"href":"https:\/\/sibenik-meteo.hr\/index.php\/wp-json\/wp\/v2\/media?parent=7664"}],"wp:term":[{"taxonomy":"category","embeddable":true,"href":"https:\/\/sibenik-meteo.hr\/index.php\/wp-json\/wp\/v2\/categories?post=7664"},{"taxonomy":"post_tag","embeddable":true,"href":"https:\/\/sibenik-meteo.hr\/index.php\/wp-json\/wp\/v2\/tags?post=7664"}],"curies":[{"name":"wp","href":"https:\/\/api.w.org\/{rel}","templated":true}]}}