{"id":7624,"date":"2026-02-13T11:09:36","date_gmt":"2026-02-13T10:09:36","guid":{"rendered":"https:\/\/sibenik-meteo.hr\/?p=7624"},"modified":"2026-02-13T11:09:37","modified_gmt":"2026-02-13T10:09:37","slug":"prolazan-ugriz-zime-u-danima-vikenda","status":"publish","type":"post","link":"https:\/\/sibenik-meteo.hr\/index.php\/2026\/02\/13\/prolazan-ugriz-zime-u-danima-vikenda\/","title":{"rendered":"Prolazan &#8220;ugriz&#8221; zime u danima vikenda"},"content":{"rendered":"\n<p>Nastavlja se dugotrajno razdoblje nestabilnog i promjenjivog vremena uzrokovanog \u010destim prodorima ciklona i frontalnih poreme\u0107aja sa Atlantika. Hladan zrak se zadr\u017eava na sjeveru kontinenta, dok u ostatku uz ju\u017einu prevladavaju iznadprosje\u010dne temperature zraka.<\/p>\n\n\n\n<p>Jo\u0161 jedan u nizu sustava danas napu\u0161ta na\u0161e krajeve, a ve\u0107 kasno nave\u010der o\u010dekujemo drugi koji \u0107e ujedno glavninu pogor\u0161anja donijeti upravo u danima vikenda. Pri tome za razliku od prethodnih prolazom ovog sustava u na\u0161e krajeve prolazno \u0107e do\u0107i do prodora hladnijeg zraka sa sjevera koji \u0107e nas barem na nekoliko dana podsjetiti da se jo\u0161 nalazimo u zimi.<\/p>\n\n\n\n<p>U nastavku dana o\u010dekuje nas prolazno pobolj\u0161anje vremena uz djelomi\u010dno raskidanje naoblake. Puhati \u0107e slabi vjetrovi sjevernih i sjeverozapadnih smjerova, a temperature zraka kretati se od 8 do 14\u00b0C. Kasno nave\u010der sa zapada \u0107e se ponovno naobla\u010diti, a na moru \u0107e zapuhati jugo koje \u0107e u no\u0107i ja\u010dati.<\/p>\n\n\n\n<p>Sutra \u0107e prevladavati prete\u017eno obla\u010dno vrijeme uz povremenu ki\u0161u, a nave\u010der lokalno mo\u017ee i zagrmijeti. Puhati \u0107e umjereno jako i jako jugo koje \u0107e nave\u010der slabiti i okretati na levanat i buru. Temperature zraka \u0107e biti sli\u010dne onima koje smo mjerili od prethodnih dana.<\/p>\n\n\n\n<p>Nestabilno vrijeme pra\u0107eno ki\u0161om, lokalno i grmljavinskim pljuskovima prevladavati \u0107e i u prvom dijelu nedjelje i to osobito u no\u0107i. Od sredine jutra nastupiti \u0107e raskidanje naoblake uz djelomice do prete\u017eno sun\u010dano vrijeme u nastavku dana. Umjerena bura sredinom dana prolazno \u0107e poja\u010dati i imati kratkotrajno jake i olujne udare ali prema ve\u010deri \u0107e oslabiti na umjernu, a zatim i na slabu. U odnosu na prethodne dane temperature zraka \u0107e biti ni\u017ee, osobito ve\u010dernje i kretati se izme\u0111u 5 i 9\u00b0C.<\/p>\n","protected":false},"excerpt":{"rendered":"<p>Nastavlja se dugotrajno razdoblje nestabilnog i promjenjivog vremena uzrokovanog \u010destim prodorima ciklona i frontalnih poreme\u0107aja&#8230;<\/p>\n","protected":false},"author":1,"featured_media":6143,"comment_status":"closed","ping_status":"open","sticky":false,"template":"","format":"standard","meta":{"_monsterinsights_skip_tracking":false,"_monsterinsights_sitenote_active":false,"_monsterinsights_sitenote_note":"","_monsterinsights_sitenote_category":0,"footnotes":""},"categories":[3],"tags":[16,49,222,76,340],"class_list":["post-7624","post","type-post","status-publish","format-standard","has-post-thumbnail","hentry","category-lokalno-vrijeme","tag-dalmacija","tag-jadran","tag-lokalna-prognoza","tag-prognoza-vremena","tag-vikend-prognoza"],"_links":{"self":[{"href":"https:\/\/sibenik-meteo.hr\/index.php\/wp-json\/wp\/v2\/posts\/7624","targetHints":{"allow":["GET"]}}],"collection":[{"href":"https:\/\/sibenik-meteo.hr\/index.php\/wp-json\/wp\/v2\/posts"}],"about":[{"href":"https:\/\/sibenik-meteo.hr\/index.php\/wp-json\/wp\/v2\/types\/post"}],"author":[{"embeddable":true,"href":"https:\/\/sibenik-meteo.hr\/index.php\/wp-json\/wp\/v2\/users\/1"}],"replies":[{"embeddable":true,"href":"https:\/\/sibenik-meteo.hr\/index.php\/wp-json\/wp\/v2\/comments?post=7624"}],"version-history":[{"count":1,"href":"https:\/\/sibenik-meteo.hr\/index.php\/wp-json\/wp\/v2\/posts\/7624\/revisions"}],"predecessor-version":[{"id":7625,"href":"https:\/\/sibenik-meteo.hr\/index.php\/wp-json\/wp\/v2\/posts\/7624\/revisions\/7625"}],"wp:featuredmedia":[{"embeddable":true,"href":"https:\/\/sibenik-meteo.hr\/index.php\/wp-json\/wp\/v2\/media\/6143"}],"wp:attachment":[{"href":"https:\/\/sibenik-meteo.hr\/index.php\/wp-json\/wp\/v2\/media?parent=7624"}],"wp:term":[{"taxonomy":"category","embeddable":true,"href":"https:\/\/sibenik-meteo.hr\/index.php\/wp-json\/wp\/v2\/categories?post=7624"},{"taxonomy":"post_tag","embeddable":true,"href":"https:\/\/sibenik-meteo.hr\/index.php\/wp-json\/wp\/v2\/tags?post=7624"}],"curies":[{"name":"wp","href":"https:\/\/api.w.org\/{rel}","templated":true}]}}