{"id":7570,"date":"2026-01-30T12:04:47","date_gmt":"2026-01-30T11:04:47","guid":{"rendered":"https:\/\/sibenik-meteo.hr\/?p=7570"},"modified":"2026-01-30T12:04:48","modified_gmt":"2026-01-30T11:04:48","slug":"u-australiji-izmjereno-50c-stize-olaksanje","status":"publish","type":"post","link":"https:\/\/sibenik-meteo.hr\/index.php\/2026\/01\/30\/u-australiji-izmjereno-50c-stize-olaksanje\/","title":{"rendered":"U Australiji izmjereno 50\u00b0C, sti\u017ee olak\u0161anje"},"content":{"rendered":"\n<p>U australskom gradi\u0107u Port Augusti izmjereno je nevjerovatnih 50 stupnjeva Celzija, a ista temperatura zraka izmjerena je i ju\u010der u Andamooki.<\/p>\n\n\n\n<p>Vlasnica kina u Augusti Michelle Coles izjavila je za <a href=\"https:\/\/www.abc.net.au\/news\/2026-01-30\/temperature-change-sa-power-outages\/106287992\">ABC<\/a> da je trebala koristiti rukavicu za pe\u0107nicu kako bi otvorila vrata automobila.<\/p>\n\n\n\n<p>\u201eUnijela sam kantu za sme\u0107e, dodirnula sam je i shvatila da \u0107e me to ope\u0107i\u201c, rekla je g\u0111a Coles.<\/p>\n\n\n\n<p>Voditeljica administracije gradskog ureda Andamooke, Lara Lukich, opisala je tjedno vrijeme kao &#8220;kao da ste u pe\u0107nici&#8221;. <\/p>\n\n\n\n<p>&#8220;Imamo klima ure\u0111aje u uredima i u dru\u0161tvenoj dvorani, a ovaj tjedan smo dvoranu otvorili dulje kako bi oni koji nemaju klime u njoj se mogli rashladiti.&#8221;<\/p>\n\n\n\n<p>Ovo je ujedno i vrhunac tjedna ekstremne vru\u0107ine na ju\u017enoj i isto\u010dnoj obali, koja je sru\u0161ila nekoliko toplinskih rekorda.<\/p>\n\n\n\n<p>Olak\u0161anje je na putu, najavila je australska meteorolo\u0161ka slu\u017eba, nakon dugotrajnog, rekordnog toplinskog vala koji je pogodio jugoisto\u010dnu Australiju u posljednjih vi\u0161e od tjedan dana. Zna\u010dajna promjena zahvatit \u0107e pogo\u0111enu regiju u subotu i nedjelju kada \u0107e do\u0107i do prodora hladnijih ju\u017enih vjetrova u unutra\u0161njost koji \u0107e napokon rashladiti zrak i spustiti temperature zraka. Hladniji zrak sti\u0107i \u0107e u Ju\u017enu Australiju, Victoriju i Novi Ju\u017eni Wales kasnije u subotu, dok \u0107e u podru\u010dja sjevernije sti\u0107i tijekom nedjelje. Hladniji zrak \u0107e se sudarati s vru\u0107im zrakom, stvaraju\u0107i pljuskove i oluje, a u vi\u0161em predjelu Tasmanije mogu\u0107 je i snijeg. <\/p>\n","protected":false},"excerpt":{"rendered":"<p>U australskom gradi\u0107u Port Augusti izmjereno je nevjerovatnih 50 stupnjeva Celzija, a ista temperatura zraka&#8230;<\/p>\n","protected":false},"author":1,"featured_media":7571,"comment_status":"closed","ping_status":"open","sticky":false,"template":"","format":"standard","meta":{"_monsterinsights_skip_tracking":false,"_monsterinsights_sitenote_active":false,"_monsterinsights_sitenote_note":"","_monsterinsights_sitenote_category":0,"footnotes":""},"categories":[9],"tags":[36,178,336,176],"class_list":["post-7570","post","type-post","status-publish","format-standard","has-post-thumbnail","hentry","category-svijet","tag-australija","tag-ekstremne-temperature","tag-svijet","tag-toplinski-val"],"_links":{"self":[{"href":"https:\/\/sibenik-meteo.hr\/index.php\/wp-json\/wp\/v2\/posts\/7570","targetHints":{"allow":["GET"]}}],"collection":[{"href":"https:\/\/sibenik-meteo.hr\/index.php\/wp-json\/wp\/v2\/posts"}],"about":[{"href":"https:\/\/sibenik-meteo.hr\/index.php\/wp-json\/wp\/v2\/types\/post"}],"author":[{"embeddable":true,"href":"https:\/\/sibenik-meteo.hr\/index.php\/wp-json\/wp\/v2\/users\/1"}],"replies":[{"embeddable":true,"href":"https:\/\/sibenik-meteo.hr\/index.php\/wp-json\/wp\/v2\/comments?post=7570"}],"version-history":[{"count":1,"href":"https:\/\/sibenik-meteo.hr\/index.php\/wp-json\/wp\/v2\/posts\/7570\/revisions"}],"predecessor-version":[{"id":7572,"href":"https:\/\/sibenik-meteo.hr\/index.php\/wp-json\/wp\/v2\/posts\/7570\/revisions\/7572"}],"wp:featuredmedia":[{"embeddable":true,"href":"https:\/\/sibenik-meteo.hr\/index.php\/wp-json\/wp\/v2\/media\/7571"}],"wp:attachment":[{"href":"https:\/\/sibenik-meteo.hr\/index.php\/wp-json\/wp\/v2\/media?parent=7570"}],"wp:term":[{"taxonomy":"category","embeddable":true,"href":"https:\/\/sibenik-meteo.hr\/index.php\/wp-json\/wp\/v2\/categories?post=7570"},{"taxonomy":"post_tag","embeddable":true,"href":"https:\/\/sibenik-meteo.hr\/index.php\/wp-json\/wp\/v2\/tags?post=7570"}],"curies":[{"name":"wp","href":"https:\/\/api.w.org\/{rel}","templated":true}]}}