{"id":7568,"date":"2026-01-30T10:19:47","date_gmt":"2026-01-30T09:19:47","guid":{"rendered":"https:\/\/sibenik-meteo.hr\/?p=7568"},"modified":"2026-01-30T10:19:48","modified_gmt":"2026-01-30T09:19:48","slug":"kraj-nestabilnog-razdoblja-u-danima-vikenda-suncanije","status":"publish","type":"post","link":"https:\/\/sibenik-meteo.hr\/index.php\/2026\/01\/30\/kraj-nestabilnog-razdoblja-u-danima-vikenda-suncanije\/","title":{"rendered":"Kraj nestabilnog razdoblja, u danima vikenda sun\u010danije"},"content":{"rendered":"\n<p>Ciklonalno polje nad Jadranom polako slabi, a ja\u010danje anticiklone sa sjevera kontinenta u narednim danima osigurati \u0107e stabilnije vremenske prilike.<\/p>\n\n\n\n<p>Oborine uz obalu su prestale i prema radarskim odrazima ima ih jo\u0161 na otvorenom moru. Uz umjereno do prete\u017eno obla\u010dno vrijeme i gotovo bez vjetra temperature zraka su na cijelom podru\u010dju gotovo ujedna\u010dene i kre\u0107u se izme\u0111u 6 i 10\u00b0C.<\/p>\n\n\n\n<p>U nastavku dana slijedi daljna stabilizacija vremena uz raskidanje naoblake i sve vi\u0161e sun\u010danih sati. Uz slabu buru temperature zraka sredinom dana kretati \u0107e se izme\u0111u 10 i 12\u00b0C.<\/p>\n\n\n\n<p>Sutra djelomice do prete\u017eno sun\u010dano, u zale\u0111u na planinskim masivima uz vi\u0161e oblaka slabe oborine na granici ki\u0161e i snijega. Puhati \u0107e slab vjetar uglavnom sjevernih smjerova ili \u0107e biti gotovo tiho. Temperature zraka biti \u0107e sli\u010dne dana\u0161njima.<\/p>\n\n\n\n<p>U nedjelju na\u0161i krajevi \u0107e se na\u0107i na rubnom dijelu ciklone koja \u0107e sa svojim centrom biti u srednjem Sredozemlju. U zale\u0111u \u0107e prevladavati prete\u017eno sun\u010dano vrijeme, a uz obalu te osobito prema vanjskim otocima prolazno \u0107e biti naoblake. Zapuhati \u0107e umjerena do umjereno jaka bura uz temperature zraka i dalje bez ve\u0107e promjene.<\/p>\n","protected":false},"excerpt":{"rendered":"<p>Ciklonalno polje nad Jadranom polako slabi, a ja\u010danje anticiklone sa sjevera kontinenta u narednim danima&#8230;<\/p>\n","protected":false},"author":1,"featured_media":3399,"comment_status":"closed","ping_status":"open","sticky":false,"template":"","format":"standard","meta":{"_monsterinsights_skip_tracking":false,"_monsterinsights_sitenote_active":false,"_monsterinsights_sitenote_note":"","_monsterinsights_sitenote_category":0,"footnotes":""},"categories":[3],"tags":[16,222,154,340],"class_list":["post-7568","post","type-post","status-publish","format-standard","has-post-thumbnail","hentry","category-lokalno-vrijeme","tag-dalmacija","tag-lokalna-prognoza","tag-problemi-u-prometu","tag-vikend-prognoza"],"_links":{"self":[{"href":"https:\/\/sibenik-meteo.hr\/index.php\/wp-json\/wp\/v2\/posts\/7568","targetHints":{"allow":["GET"]}}],"collection":[{"href":"https:\/\/sibenik-meteo.hr\/index.php\/wp-json\/wp\/v2\/posts"}],"about":[{"href":"https:\/\/sibenik-meteo.hr\/index.php\/wp-json\/wp\/v2\/types\/post"}],"author":[{"embeddable":true,"href":"https:\/\/sibenik-meteo.hr\/index.php\/wp-json\/wp\/v2\/users\/1"}],"replies":[{"embeddable":true,"href":"https:\/\/sibenik-meteo.hr\/index.php\/wp-json\/wp\/v2\/comments?post=7568"}],"version-history":[{"count":1,"href":"https:\/\/sibenik-meteo.hr\/index.php\/wp-json\/wp\/v2\/posts\/7568\/revisions"}],"predecessor-version":[{"id":7569,"href":"https:\/\/sibenik-meteo.hr\/index.php\/wp-json\/wp\/v2\/posts\/7568\/revisions\/7569"}],"wp:featuredmedia":[{"embeddable":true,"href":"https:\/\/sibenik-meteo.hr\/index.php\/wp-json\/wp\/v2\/media\/3399"}],"wp:attachment":[{"href":"https:\/\/sibenik-meteo.hr\/index.php\/wp-json\/wp\/v2\/media?parent=7568"}],"wp:term":[{"taxonomy":"category","embeddable":true,"href":"https:\/\/sibenik-meteo.hr\/index.php\/wp-json\/wp\/v2\/categories?post=7568"},{"taxonomy":"post_tag","embeddable":true,"href":"https:\/\/sibenik-meteo.hr\/index.php\/wp-json\/wp\/v2\/tags?post=7568"}],"curies":[{"name":"wp","href":"https:\/\/api.w.org\/{rel}","templated":true}]}}