{"id":7564,"date":"2026-01-30T09:45:05","date_gmt":"2026-01-30T08:45:05","guid":{"rendered":"https:\/\/sibenik-meteo.hr\/?p=7564"},"modified":"2026-01-30T09:45:06","modified_gmt":"2026-01-30T08:45:06","slug":"ekstremna-hladnoca-na-sjeveru-europe","status":"publish","type":"post","link":"https:\/\/sibenik-meteo.hr\/index.php\/2026\/01\/30\/ekstremna-hladnoca-na-sjeveru-europe\/","title":{"rendered":"Ekstremna hladno\u0107a na sjeveru Europe"},"content":{"rendered":"\n<p>I dok je u ve\u0107em dijelu zapadne i jugoisto\u010dne Europe izra\u017eena hladno\u0107a popustila ona je i dalje prisutna na sjeveru Europe gdje vladaju ekstremno niske temperature zraka.<\/p>\n\n\n\n<p>Pokazuju to i jutro\u0161nja mjerenja sa tog podru\u010dja kao i prognoze vremena za naredne dane. Primjerice temperature zraka se na sjeveru Norve\u0161ke spu\u0161taju i do -40\u00b0C, a izuzetno hladno je i na sjeveru \u0160vedske, u Finskoj, u zapadnom dijelu Rusije kao i u balti\u010dkim zemljama te na sjeveru Poljske.<\/p>\n\n\n\n<p>Hladna jezgra prema prognozama prognosti\u010dkih materijala u narednom tjednu uglavnom \u0107e se i dalje zadr\u017eavati na spomenutom podru\u010dju.<\/p>\n","protected":false},"excerpt":{"rendered":"<p>I dok je u ve\u0107em dijelu zapadne i jugoisto\u010dne Europe izra\u017eena hladno\u0107a popustila ona je&#8230;<\/p>\n","protected":false},"author":1,"featured_media":7565,"comment_status":"closed","ping_status":"open","sticky":false,"template":"","format":"standard","meta":{"_monsterinsights_skip_tracking":false,"_monsterinsights_sitenote_active":false,"_monsterinsights_sitenote_note":"","_monsterinsights_sitenote_category":0,"footnotes":""},"categories":[11],"tags":[97,232,46,75],"class_list":["post-7564","post","type-post","status-publish","format-standard","has-post-thumbnail","hentry","category-europa","tag-ekstremne-vremenske-prilike","tag-europa","tag-hladnoca","tag-rusija"],"_links":{"self":[{"href":"https:\/\/sibenik-meteo.hr\/index.php\/wp-json\/wp\/v2\/posts\/7564","targetHints":{"allow":["GET"]}}],"collection":[{"href":"https:\/\/sibenik-meteo.hr\/index.php\/wp-json\/wp\/v2\/posts"}],"about":[{"href":"https:\/\/sibenik-meteo.hr\/index.php\/wp-json\/wp\/v2\/types\/post"}],"author":[{"embeddable":true,"href":"https:\/\/sibenik-meteo.hr\/index.php\/wp-json\/wp\/v2\/users\/1"}],"replies":[{"embeddable":true,"href":"https:\/\/sibenik-meteo.hr\/index.php\/wp-json\/wp\/v2\/comments?post=7564"}],"version-history":[{"count":1,"href":"https:\/\/sibenik-meteo.hr\/index.php\/wp-json\/wp\/v2\/posts\/7564\/revisions"}],"predecessor-version":[{"id":7566,"href":"https:\/\/sibenik-meteo.hr\/index.php\/wp-json\/wp\/v2\/posts\/7564\/revisions\/7566"}],"wp:featuredmedia":[{"embeddable":true,"href":"https:\/\/sibenik-meteo.hr\/index.php\/wp-json\/wp\/v2\/media\/7565"}],"wp:attachment":[{"href":"https:\/\/sibenik-meteo.hr\/index.php\/wp-json\/wp\/v2\/media?parent=7564"}],"wp:term":[{"taxonomy":"category","embeddable":true,"href":"https:\/\/sibenik-meteo.hr\/index.php\/wp-json\/wp\/v2\/categories?post=7564"},{"taxonomy":"post_tag","embeddable":true,"href":"https:\/\/sibenik-meteo.hr\/index.php\/wp-json\/wp\/v2\/tags?post=7564"}],"curies":[{"name":"wp","href":"https:\/\/api.w.org\/{rel}","templated":true}]}}