{"id":7561,"date":"2026-01-28T08:42:09","date_gmt":"2026-01-28T07:42:09","guid":{"rendered":"https:\/\/sibenik-meteo.hr\/?p=7561"},"modified":"2026-01-28T08:42:10","modified_gmt":"2026-01-28T07:42:10","slug":"peru-grom-ubio-cetri-osobe-medu-zrtvama-i-poznati-njemacki-aktivista","status":"publish","type":"post","link":"https:\/\/sibenik-meteo.hr\/index.php\/2026\/01\/28\/peru-grom-ubio-cetri-osobe-medu-zrtvama-i-poznati-njemacki-aktivista\/","title":{"rendered":"Peru: Grom ubio \u010detri osobe, me\u0111u \u017ertvama i poznati njema\u010dki aktivista"},"content":{"rendered":"\n<p>Najmanje tri osobe, uklju\u010duju\u0107i dvije odrasle osobe i \u0161estogodi\u0161nju  djevoj\u010dicu, udario je grom tijekom jake tu\u010de u pokrajini  Cuzco, u jugoisto\u010dnom Peruu.<\/p>\n\n\n\n<p>Lokalne novinske agencije javljaju da su \u017ertve \u010dlanovi iste obitelji koje je grom udario dok su se vozili na motociklu.<\/p>\n\n\n\n<p>Nedavno je od udara groma nastarado i njema\u010dki biciklista i klimatski aktivista Florian Berg koji je zadnju godinu dana putovao svijetom u borbi protiv klimatskih promjena i posljednji dio njegovog putovanja upravo je bila Ju\u017ena Amerika.<\/p>\n\n\n\n<p>Dvadesetdevetogodi\u0161njaka je u ve\u010dernjim satima zahvatila jaka oluja u Andama. Florian je potra\u017eio skloni\u0161te u svom \u0161atoru prije nego \u0161to ga je udario grom.<\/p>\n\n\n\n<p>U posljednjim trenucima kontaktirao je njema\u010dko veleposlanstvo u Peruu kako bi prijavio da je zarobljen u udaljenoj regiji u jakoj oluji. Spasila\u010dki tim je prona\u0161ao Floriana bez \u017eivota u njegovom \u0161atoru na polju pored njegove biciklisti\u010dke opreme.<\/p>\n","protected":false},"excerpt":{"rendered":"<p>Najmanje tri osobe, uklju\u010duju\u0107i dvije odrasle osobe i \u0161estogodi\u0161nju djevoj\u010dicu, udario je grom tijekom jake&#8230;<\/p>\n","protected":false},"author":1,"featured_media":3429,"comment_status":"closed","ping_status":"open","sticky":false,"template":"","format":"standard","meta":{"_monsterinsights_skip_tracking":false,"_monsterinsights_sitenote_active":false,"_monsterinsights_sitenote_note":"","_monsterinsights_sitenote_category":0,"footnotes":""},"categories":[9],"tags":[669,358,668,186,336,405],"class_list":["post-7561","post","type-post","status-publish","format-standard","has-post-thumbnail","hentry","category-svijet","tag-ande","tag-grmljavinsko-nevrijeme","tag-juzna-amerika","tag-peruu","tag-svijet","tag-tragedija"],"_links":{"self":[{"href":"https:\/\/sibenik-meteo.hr\/index.php\/wp-json\/wp\/v2\/posts\/7561","targetHints":{"allow":["GET"]}}],"collection":[{"href":"https:\/\/sibenik-meteo.hr\/index.php\/wp-json\/wp\/v2\/posts"}],"about":[{"href":"https:\/\/sibenik-meteo.hr\/index.php\/wp-json\/wp\/v2\/types\/post"}],"author":[{"embeddable":true,"href":"https:\/\/sibenik-meteo.hr\/index.php\/wp-json\/wp\/v2\/users\/1"}],"replies":[{"embeddable":true,"href":"https:\/\/sibenik-meteo.hr\/index.php\/wp-json\/wp\/v2\/comments?post=7561"}],"version-history":[{"count":1,"href":"https:\/\/sibenik-meteo.hr\/index.php\/wp-json\/wp\/v2\/posts\/7561\/revisions"}],"predecessor-version":[{"id":7562,"href":"https:\/\/sibenik-meteo.hr\/index.php\/wp-json\/wp\/v2\/posts\/7561\/revisions\/7562"}],"wp:featuredmedia":[{"embeddable":true,"href":"https:\/\/sibenik-meteo.hr\/index.php\/wp-json\/wp\/v2\/media\/3429"}],"wp:attachment":[{"href":"https:\/\/sibenik-meteo.hr\/index.php\/wp-json\/wp\/v2\/media?parent=7561"}],"wp:term":[{"taxonomy":"category","embeddable":true,"href":"https:\/\/sibenik-meteo.hr\/index.php\/wp-json\/wp\/v2\/categories?post=7561"},{"taxonomy":"post_tag","embeddable":true,"href":"https:\/\/sibenik-meteo.hr\/index.php\/wp-json\/wp\/v2\/tags?post=7561"}],"curies":[{"name":"wp","href":"https:\/\/api.w.org\/{rel}","templated":true}]}}