{"id":7554,"date":"2026-01-27T19:51:36","date_gmt":"2026-01-27T18:51:36","guid":{"rendered":"https:\/\/sibenik-meteo.hr\/?p=7554"},"modified":"2026-01-27T20:25:21","modified_gmt":"2026-01-27T19:25:21","slug":"sutra-novi-val-pogorsanja-vremena-uz-olujno-jugo-i-kisu","status":"publish","type":"post","link":"https:\/\/sibenik-meteo.hr\/index.php\/2026\/01\/27\/sutra-novi-val-pogorsanja-vremena-uz-olujno-jugo-i-kisu\/","title":{"rendered":"Sutra novi val pogor\u0161anja vremena uz olujno jugo i ki\u0161u"},"content":{"rendered":"\n<p>Jadranu se sa sjeverozapada kontinenta brzo pribli\u017eava duboka ciklona s frontalnim poreme\u0107ajem koja \u0107e glavninom sutra i u \u010detvrtak donijeti novu promjenu i pogor\u0161anje vremena pra\u0107eno jakim i olujnim jugom te ki\u0161om i grmljavinskim pljuskovima.<\/p>\n\n\n\n<p>Iako ve\u010dernji sati utorka prolaze uz gotovo tiho vrijeme u narednim satima \u0107e zapuhati jugo koje \u0107e u no\u0107i naglo ja\u010dati i sutra sredinom jutra biti jako i olujno. Od sredine dana te osobito poslijepodne jugo \u0107e oslabiti i okrenuti na umjerene vjetrove jugozapadnih i sjeverozapadnih smjerova.<\/p>\n\n\n\n<p>Uz ja\u010de naobla\u010denje sutra i u \u010detvrtak o\u010dekuje se dosta ki\u0161e, obilnija u zale\u0111u, a lokalno mo\u017ee biti i grmljavinskih pljuskova. Temperature zraka bez ve\u0107e promjene i uz malen dnevni hod izme\u0111u 8 i 12\u00b0C.<\/p>\n","protected":false},"excerpt":{"rendered":"<p>Jadranu se sa sjeverozapada kontinenta brzo pribli\u017eava duboka ciklona s frontalnim poreme\u0107ajem koja \u0107e glavninom&#8230;<\/p>\n","protected":false},"author":1,"featured_media":5066,"comment_status":"closed","ping_status":"open","sticky":false,"template":"","format":"standard","meta":{"_monsterinsights_skip_tracking":false,"_monsterinsights_sitenote_active":false,"_monsterinsights_sitenote_note":"","_monsterinsights_sitenote_category":0,"footnotes":""},"categories":[3],"tags":[16,49,100,40,369],"class_list":["post-7554","post","type-post","status-publish","format-standard","has-post-thumbnail","hentry","category-lokalno-vrijeme","tag-dalmacija","tag-jadran","tag-jugo","tag-kisa","tag-pogorsanje-vremena"],"_links":{"self":[{"href":"https:\/\/sibenik-meteo.hr\/index.php\/wp-json\/wp\/v2\/posts\/7554","targetHints":{"allow":["GET"]}}],"collection":[{"href":"https:\/\/sibenik-meteo.hr\/index.php\/wp-json\/wp\/v2\/posts"}],"about":[{"href":"https:\/\/sibenik-meteo.hr\/index.php\/wp-json\/wp\/v2\/types\/post"}],"author":[{"embeddable":true,"href":"https:\/\/sibenik-meteo.hr\/index.php\/wp-json\/wp\/v2\/users\/1"}],"replies":[{"embeddable":true,"href":"https:\/\/sibenik-meteo.hr\/index.php\/wp-json\/wp\/v2\/comments?post=7554"}],"version-history":[{"count":2,"href":"https:\/\/sibenik-meteo.hr\/index.php\/wp-json\/wp\/v2\/posts\/7554\/revisions"}],"predecessor-version":[{"id":7560,"href":"https:\/\/sibenik-meteo.hr\/index.php\/wp-json\/wp\/v2\/posts\/7554\/revisions\/7560"}],"wp:featuredmedia":[{"embeddable":true,"href":"https:\/\/sibenik-meteo.hr\/index.php\/wp-json\/wp\/v2\/media\/5066"}],"wp:attachment":[{"href":"https:\/\/sibenik-meteo.hr\/index.php\/wp-json\/wp\/v2\/media?parent=7554"}],"wp:term":[{"taxonomy":"category","embeddable":true,"href":"https:\/\/sibenik-meteo.hr\/index.php\/wp-json\/wp\/v2\/categories?post=7554"},{"taxonomy":"post_tag","embeddable":true,"href":"https:\/\/sibenik-meteo.hr\/index.php\/wp-json\/wp\/v2\/tags?post=7554"}],"curies":[{"name":"wp","href":"https:\/\/api.w.org\/{rel}","templated":true}]}}