{"id":7543,"date":"2026-01-27T10:56:08","date_gmt":"2026-01-27T09:56:08","guid":{"rendered":"https:\/\/sibenik-meteo.hr\/?p=7543"},"modified":"2026-01-27T13:42:16","modified_gmt":"2026-01-27T12:42:16","slug":"vremenske-neprilike-i-u-europi","status":"publish","type":"post","link":"https:\/\/sibenik-meteo.hr\/index.php\/2026\/01\/27\/vremenske-neprilike-i-u-europi\/","title":{"rendered":"Vremenske neprilike i u Europi"},"content":{"rendered":"\n<p>U Europi problemi sa snijegom diljem Njema\u010dke ali i u Portugalu i \u0160panjolskoj.<\/p>\n\n\n\n<p>Zbog snijega na zale\u0111enim cestama zabilje\u017eeni su deseci prometnih  nesre\u0107a, u njema\u010dkim gradovima poreme\u0107en je javni prijevoz, a kasne i  otkazuju se me\u0111ugradske \u017eeljezni\u010dke linije, prenosi <a href=\"https:\/\/vijesti.hrt.hr\/svijet\/zimske-nepogode-u-sad-u-raste-broj-mrtvih-u-njemackoj-novi-snijeg-12540390\">HRT<\/a>.<\/p>\n\n\n\n<p>Istodobno se ve\u0107i dio\n Portugala i sjeverozapadne \u0160panjolske priprema za novo nevrijeme \u2013 \nsnijeg, sna\u017ean vjetar i obilnu ki\u0161u koja prijeti poplavama.<\/p>\n\n\n\n<p>Ki\u0161a i ubrzano otapanje snijega prouzro\u010dili su poplave i diljem Bosne i Hercegovine. <\/p>\n\n\n\n<p>Talijanska vlada u ponedjeljak je proglasila izvanredno stanje za ju\u017ene regije pogo\u0111ene sna\u017enom olujom pro\u0161li tjedan.  Neumoljiva ki\u0161a, sna\u017eni vjetrovi i valovi visoki i do devet metara  udarali su dva dana po Siciliji, Sardiniji i Kalabriji. Vlasti su  procijenile da je \u0161teta ve\u0107a od milijardu eura, ali nema prijavljenih  ljudskih \u017ertava. <\/p>\n\n\n\n<figure class=\"wp-block-embed-youtube aligncenter wp-block-embed is-type-video is-provider-youtube wp-embed-aspect-16-9 wp-has-aspect-ratio\"><div class=\"wp-block-embed__wrapper\">\n<iframe loading=\"lazy\" title=\"Ger\u00eas in White | Snow in Portugal\u2019s Mountains \ud83c\uddf5\ud83c\uddf9\" width=\"640\" height=\"360\" src=\"https:\/\/www.youtube.com\/embed\/yklc977lRoY?feature=oembed\" frameborder=\"0\" allow=\"accelerometer; autoplay; clipboard-write; encrypted-media; gyroscope; picture-in-picture; web-share\" referrerpolicy=\"strict-origin-when-cross-origin\" allowfullscreen><\/iframe>\n<\/div><\/figure>\n","protected":false},"excerpt":{"rendered":"<p>U Europi problemi sa snijegom diljem Njema\u010dke ali i u Portugalu i \u0160panjolskoj. Zbog snijega&#8230;<\/p>\n","protected":false},"author":1,"featured_media":7545,"comment_status":"closed","ping_status":"open","sticky":false,"template":"","format":"standard","meta":{"_monsterinsights_skip_tracking":false,"_monsterinsights_sitenote_active":false,"_monsterinsights_sitenote_note":"","_monsterinsights_sitenote_category":0,"footnotes":""},"categories":[11],"tags":[254,246,415,114,47],"class_list":["post-7543","post","type-post","status-publish","format-standard","has-post-thumbnail","hentry","category-europa","tag-bosna-i-hercegovina","tag-nepogoda","tag-portugal","tag-snijeg-kisa","tag-spanjolska"],"_links":{"self":[{"href":"https:\/\/sibenik-meteo.hr\/index.php\/wp-json\/wp\/v2\/posts\/7543","targetHints":{"allow":["GET"]}}],"collection":[{"href":"https:\/\/sibenik-meteo.hr\/index.php\/wp-json\/wp\/v2\/posts"}],"about":[{"href":"https:\/\/sibenik-meteo.hr\/index.php\/wp-json\/wp\/v2\/types\/post"}],"author":[{"embeddable":true,"href":"https:\/\/sibenik-meteo.hr\/index.php\/wp-json\/wp\/v2\/users\/1"}],"replies":[{"embeddable":true,"href":"https:\/\/sibenik-meteo.hr\/index.php\/wp-json\/wp\/v2\/comments?post=7543"}],"version-history":[{"count":2,"href":"https:\/\/sibenik-meteo.hr\/index.php\/wp-json\/wp\/v2\/posts\/7543\/revisions"}],"predecessor-version":[{"id":7553,"href":"https:\/\/sibenik-meteo.hr\/index.php\/wp-json\/wp\/v2\/posts\/7543\/revisions\/7553"}],"wp:featuredmedia":[{"embeddable":true,"href":"https:\/\/sibenik-meteo.hr\/index.php\/wp-json\/wp\/v2\/media\/7545"}],"wp:attachment":[{"href":"https:\/\/sibenik-meteo.hr\/index.php\/wp-json\/wp\/v2\/media?parent=7543"}],"wp:term":[{"taxonomy":"category","embeddable":true,"href":"https:\/\/sibenik-meteo.hr\/index.php\/wp-json\/wp\/v2\/categories?post=7543"},{"taxonomy":"post_tag","embeddable":true,"href":"https:\/\/sibenik-meteo.hr\/index.php\/wp-json\/wp\/v2\/tags?post=7543"}],"curies":[{"name":"wp","href":"https:\/\/api.w.org\/{rel}","templated":true}]}}