{"id":7540,"date":"2026-01-27T10:48:09","date_gmt":"2026-01-27T09:48:09","guid":{"rendered":"https:\/\/sibenik-meteo.hr\/?p=7540"},"modified":"2026-01-27T10:48:11","modified_gmt":"2026-01-27T09:48:11","slug":"sad-sluzbe-upozoravaju-na-katastrofalne-posljedice-ekstremnih-minusa","status":"publish","type":"post","link":"https:\/\/sibenik-meteo.hr\/index.php\/2026\/01\/27\/sad-sluzbe-upozoravaju-na-katastrofalne-posljedice-ekstremnih-minusa\/","title":{"rendered":"SAD: Slu\u017ebe upozoravaju na katastrofalne posljedice ekstremnih minusa"},"content":{"rendered":"\n<p>Sna\u017eno snje\u017eno nevrijeme diljem Sjedinjenih Dr\u017eava odnijelo je 18 \u017eivota,  ostavilo milijune ljudi bez struje te odgodilo vi\u0161e od 10 tisu\u0107a letova.  Dvadesetak saveznih dr\u017eava, uklju\u010duju\u0107i prijestolnicu Washington, ve\u0107  je proglasilo izvanredno stanje. <\/p>\n\n\n\n<p>Prodor  ekstremne arkti\u010dke zra\u010dne mase u ve\u0107em dijelu SAD-a, od Novog Meksika  do Mainea, mnogi smatraju jednim od najte\u017eih snje\u017enih nevremena u  posljednjih nekoliko desetlje\u0107a, prenosi <a href=\"https:\/\/vijesti.hrt.hr\/svijet\/zimske-nepogode-u-sad-u-raste-broj-mrtvih-u-njemackoj-novi-snijeg-12540390\">HRT<\/a>.<\/p>\n\n\n\n<p>Izvanredno stanje proglasile su 23 savezne dr\u017eave, a najmanje deset  aktiviralo je Nacionalnu gardu. U idu\u0107im danima o\u010dekuje se manje  oborina, ali iznimno niske i opasne temperature mogle bi potrajati. <\/p>\n\n\n\n<p>Slu\u017ebe upozoravaju na katastrofalne posljedice ekstremnih minusa koji  prijete za oko 250 milijuna ljudi. Ceste su okovane ledom, pucaju stabla  i dalekovodi, a vi\u0161e od 800 tisu\u0107a korisnika jo\u0161 je bez struje. U  desecima zra\u010dnih luka otkazane su ili odgo\u0111ene tisu\u0107e letova \u2013 najvi\u0161e  od pandemije. <\/p>\n","protected":false},"excerpt":{"rendered":"<p>Sna\u017eno snje\u017eno nevrijeme diljem Sjedinjenih Dr\u017eava odnijelo je 18 \u017eivota, ostavilo milijune ljudi bez struje&#8230;<\/p>\n","protected":false},"author":1,"featured_media":7541,"comment_status":"closed","ping_status":"open","sticky":false,"template":"","format":"standard","meta":{"_monsterinsights_skip_tracking":false,"_monsterinsights_sitenote_active":false,"_monsterinsights_sitenote_note":"","_monsterinsights_sitenote_category":0,"footnotes":""},"categories":[9],"tags":[97,46,81,533,336],"class_list":["post-7540","post","type-post","status-publish","format-standard","has-post-thumbnail","hentry","category-svijet","tag-ekstremne-vremenske-prilike","tag-hladnoca","tag-sad","tag-snjezno-nevrijeme","tag-svijet"],"_links":{"self":[{"href":"https:\/\/sibenik-meteo.hr\/index.php\/wp-json\/wp\/v2\/posts\/7540","targetHints":{"allow":["GET"]}}],"collection":[{"href":"https:\/\/sibenik-meteo.hr\/index.php\/wp-json\/wp\/v2\/posts"}],"about":[{"href":"https:\/\/sibenik-meteo.hr\/index.php\/wp-json\/wp\/v2\/types\/post"}],"author":[{"embeddable":true,"href":"https:\/\/sibenik-meteo.hr\/index.php\/wp-json\/wp\/v2\/users\/1"}],"replies":[{"embeddable":true,"href":"https:\/\/sibenik-meteo.hr\/index.php\/wp-json\/wp\/v2\/comments?post=7540"}],"version-history":[{"count":1,"href":"https:\/\/sibenik-meteo.hr\/index.php\/wp-json\/wp\/v2\/posts\/7540\/revisions"}],"predecessor-version":[{"id":7542,"href":"https:\/\/sibenik-meteo.hr\/index.php\/wp-json\/wp\/v2\/posts\/7540\/revisions\/7542"}],"wp:featuredmedia":[{"embeddable":true,"href":"https:\/\/sibenik-meteo.hr\/index.php\/wp-json\/wp\/v2\/media\/7541"}],"wp:attachment":[{"href":"https:\/\/sibenik-meteo.hr\/index.php\/wp-json\/wp\/v2\/media?parent=7540"}],"wp:term":[{"taxonomy":"category","embeddable":true,"href":"https:\/\/sibenik-meteo.hr\/index.php\/wp-json\/wp\/v2\/categories?post=7540"},{"taxonomy":"post_tag","embeddable":true,"href":"https:\/\/sibenik-meteo.hr\/index.php\/wp-json\/wp\/v2\/tags?post=7540"}],"curies":[{"name":"wp","href":"https:\/\/api.w.org\/{rel}","templated":true}]}}