{"id":7536,"date":"2026-01-26T11:08:06","date_gmt":"2026-01-26T10:08:06","guid":{"rendered":"https:\/\/sibenik-meteo.hr\/?p=7536"},"modified":"2026-01-26T13:23:27","modified_gmt":"2026-01-26T12:23:27","slug":"zimska-oluja-u-sad-bez-struje-veliki-dio-stanovnistva-otkazana-nastava","status":"publish","type":"post","link":"https:\/\/sibenik-meteo.hr\/index.php\/2026\/01\/26\/zimska-oluja-u-sad-bez-struje-veliki-dio-stanovnistva-otkazana-nastava\/","title":{"rendered":"Zimska oluja u SAD: Bez struje veliki dio stanovni\u0161tva, otkazana nastava"},"content":{"rendered":"\n<p>Zimska oluja koja je zahvatila ve\u0107i dio SAD sa najni\u017eim temperaturama zraka ove zime usmrtila je do sada najmanje 11 osoba, pi\u0161e <a href=\"https:\/\/edition.cnn.com\/weather\/live-news\/winter-storm-forecast-snow-ice-01-25-26-climate\">CNN<\/a>. <\/p>\n\n\n\n<p>Za vi\u0161e od 800.000 osoba smatra se da nema trenutno struje jer je elektroenergetsku mre\u017eu uni\u0161tio led. Otkazano je vi\u0161e od 17.000 letova, \u0161to je najve\u0107e otkazivanje jo\u0161 od vremena epidemije COVID-a.<\/p>\n\n\n\n<p>U ve\u0107im gradovima, me\u0111u kojima je i New York, za danas je otkazana nastava u \u0161kolama koja \u0107e se odr\u017eavati na daljinu. U vi\u0161e od 15 saveznih dr\u017eava snje\u017eni pokriva\u010d je vi\u0161i od 30cm.<\/p>\n\n\n\n<figure class=\"wp-block-embed-youtube aligncenter wp-block-embed is-type-video is-provider-youtube wp-embed-aspect-16-9 wp-has-aspect-ratio\"><div class=\"wp-block-embed__wrapper\">\n<iframe loading=\"lazy\" title=\"Massive winter storm dumps snow and ice across the U.S.\" width=\"640\" height=\"360\" src=\"https:\/\/www.youtube.com\/embed\/CYTKHtKdskg?feature=oembed\" frameborder=\"0\" allow=\"accelerometer; autoplay; clipboard-write; encrypted-media; gyroscope; picture-in-picture; web-share\" referrerpolicy=\"strict-origin-when-cross-origin\" allowfullscreen><\/iframe>\n<\/div><\/figure>\n","protected":false},"excerpt":{"rendered":"<p>Zimska oluja koja je zahvatila ve\u0107i dio SAD sa najni\u017eim temperaturama zraka ove zime usmrtila&#8230;<\/p>\n","protected":false},"author":1,"featured_media":7537,"comment_status":"closed","ping_status":"open","sticky":false,"template":"","format":"standard","meta":{"_monsterinsights_skip_tracking":false,"_monsterinsights_sitenote_active":false,"_monsterinsights_sitenote_note":"","_monsterinsights_sitenote_category":0,"footnotes":""},"categories":[9],"tags":[],"class_list":["post-7536","post","type-post","status-publish","format-standard","has-post-thumbnail","hentry","category-svijet"],"_links":{"self":[{"href":"https:\/\/sibenik-meteo.hr\/index.php\/wp-json\/wp\/v2\/posts\/7536","targetHints":{"allow":["GET"]}}],"collection":[{"href":"https:\/\/sibenik-meteo.hr\/index.php\/wp-json\/wp\/v2\/posts"}],"about":[{"href":"https:\/\/sibenik-meteo.hr\/index.php\/wp-json\/wp\/v2\/types\/post"}],"author":[{"embeddable":true,"href":"https:\/\/sibenik-meteo.hr\/index.php\/wp-json\/wp\/v2\/users\/1"}],"replies":[{"embeddable":true,"href":"https:\/\/sibenik-meteo.hr\/index.php\/wp-json\/wp\/v2\/comments?post=7536"}],"version-history":[{"count":2,"href":"https:\/\/sibenik-meteo.hr\/index.php\/wp-json\/wp\/v2\/posts\/7536\/revisions"}],"predecessor-version":[{"id":7539,"href":"https:\/\/sibenik-meteo.hr\/index.php\/wp-json\/wp\/v2\/posts\/7536\/revisions\/7539"}],"wp:featuredmedia":[{"embeddable":true,"href":"https:\/\/sibenik-meteo.hr\/index.php\/wp-json\/wp\/v2\/media\/7537"}],"wp:attachment":[{"href":"https:\/\/sibenik-meteo.hr\/index.php\/wp-json\/wp\/v2\/media?parent=7536"}],"wp:term":[{"taxonomy":"category","embeddable":true,"href":"https:\/\/sibenik-meteo.hr\/index.php\/wp-json\/wp\/v2\/categories?post=7536"},{"taxonomy":"post_tag","embeddable":true,"href":"https:\/\/sibenik-meteo.hr\/index.php\/wp-json\/wp\/v2\/tags?post=7536"}],"curies":[{"name":"wp","href":"https:\/\/api.w.org\/{rel}","templated":true}]}}