{"id":7534,"date":"2026-01-26T10:54:08","date_gmt":"2026-01-26T09:54:08","guid":{"rendered":"https:\/\/sibenik-meteo.hr\/?p=7534"},"modified":"2026-01-26T10:54:09","modified_gmt":"2026-01-26T09:54:09","slug":"nestabilno-vrijeme-i-veci-dio-ovog-tjedna","status":"publish","type":"post","link":"https:\/\/sibenik-meteo.hr\/index.php\/2026\/01\/26\/nestabilno-vrijeme-i-veci-dio-ovog-tjedna\/","title":{"rendered":"Nestabilno vrijeme i ve\u0107i dio ovog tjedna"},"content":{"rendered":"\n<p>Nestabilne vremenske prilike koje su obilje\u017eile vikend iza nas nastavile su se lokalno i jutros, osobito u zale\u0111u i na dijelu obale gdje uz umjereno do prete\u017eno obla\u010dno vrijeme ima i pljuskova. Istodobno stabilnije vrijeme uz djelomice do prete\u017eno sun\u010dano vrijeme prevladava na vanjskim otocima i na zapadu.<\/p>\n\n\n\n<p>Ciklona s frontalnim poreme\u0107ajem premje\u0161ta se od Jadrana dalje na istok \u0161to \u0107e u nastavku dana te sutra donijeti prolaznu stabilizaciju vremenskih prilika. Ve\u0107 u srijedu sti\u017ee nam novi sustav koji \u0107e sredinom tjedna donijeti pogor\u0161anje uz ki\u0161u i lokalne grmljavinske pljuskove. Promjenjivo i nestabilno vrijeme uz \u010destu izmjenu sun\u010danih i obla\u010dnih perioda te povremene lokalne pljuskove o\u010dekuje se i tijekom petka te u prvom dijelu vikenda, dok u drugom izgledno je pobolj\u0161anje vremenskih prilika uz prete\u017eno sun\u010dano vrijeme.<\/p>\n\n\n\n<p>Vjetar \u0107e sve dane biti dosta promjenjiv i &#8220;\u0161etati&#8221; izme\u0111u ju\u017enog i sjevernog kvadranta ru\u017ee vjetrova te osim tijekom srijede kad se o\u010dekuje do olujno jugo biti uglavnom slab do umjeren. U drugom dijelu vikenda o\u010dekuje se ja\u010danje bure i sjevernih vjetrova.<\/p>\n\n\n\n<p>Temperature zraka \u0107e biti malo iznad prosjeka za doba godine i bez ve\u0107eg dnevnog hoda. Nakon jutarnjih 7 do 9, danju \u0107e se maksimalci kretati oko 12\u00b0C. U nedjelju sa burom temperature zraka u manjem padu.<\/p>\n","protected":false},"excerpt":{"rendered":"<p>Nestabilne vremenske prilike koje su obilje\u017eile vikend iza nas nastavile su se lokalno i jutros,&#8230;<\/p>\n","protected":false},"author":1,"featured_media":2987,"comment_status":"closed","ping_status":"open","sticky":false,"template":"","format":"standard","meta":{"_monsterinsights_skip_tracking":false,"_monsterinsights_sitenote_active":false,"_monsterinsights_sitenote_note":"","_monsterinsights_sitenote_category":0,"footnotes":""},"categories":[3],"tags":[16,49,222,76,382,143],"class_list":["post-7534","post","type-post","status-publish","format-standard","has-post-thumbnail","hentry","category-lokalno-vrijeme","tag-dalmacija","tag-jadran","tag-lokalna-prognoza","tag-prognoza-vremena","tag-sibensko-kninska-zupanija","tag-tjedna-prognoza"],"_links":{"self":[{"href":"https:\/\/sibenik-meteo.hr\/index.php\/wp-json\/wp\/v2\/posts\/7534","targetHints":{"allow":["GET"]}}],"collection":[{"href":"https:\/\/sibenik-meteo.hr\/index.php\/wp-json\/wp\/v2\/posts"}],"about":[{"href":"https:\/\/sibenik-meteo.hr\/index.php\/wp-json\/wp\/v2\/types\/post"}],"author":[{"embeddable":true,"href":"https:\/\/sibenik-meteo.hr\/index.php\/wp-json\/wp\/v2\/users\/1"}],"replies":[{"embeddable":true,"href":"https:\/\/sibenik-meteo.hr\/index.php\/wp-json\/wp\/v2\/comments?post=7534"}],"version-history":[{"count":1,"href":"https:\/\/sibenik-meteo.hr\/index.php\/wp-json\/wp\/v2\/posts\/7534\/revisions"}],"predecessor-version":[{"id":7535,"href":"https:\/\/sibenik-meteo.hr\/index.php\/wp-json\/wp\/v2\/posts\/7534\/revisions\/7535"}],"wp:featuredmedia":[{"embeddable":true,"href":"https:\/\/sibenik-meteo.hr\/index.php\/wp-json\/wp\/v2\/media\/2987"}],"wp:attachment":[{"href":"https:\/\/sibenik-meteo.hr\/index.php\/wp-json\/wp\/v2\/media?parent=7534"}],"wp:term":[{"taxonomy":"category","embeddable":true,"href":"https:\/\/sibenik-meteo.hr\/index.php\/wp-json\/wp\/v2\/categories?post=7534"},{"taxonomy":"post_tag","embeddable":true,"href":"https:\/\/sibenik-meteo.hr\/index.php\/wp-json\/wp\/v2\/tags?post=7534"}],"curies":[{"name":"wp","href":"https:\/\/api.w.org\/{rel}","templated":true}]}}