{"id":7524,"date":"2026-01-23T14:08:11","date_gmt":"2026-01-23T13:08:11","guid":{"rendered":"https:\/\/sibenik-meteo.hr\/?p=7524"},"modified":"2026-01-23T14:08:12","modified_gmt":"2026-01-23T13:08:12","slug":"na-sredozemlju-izmjeren-rekordno-visok-val","status":"publish","type":"post","link":"https:\/\/sibenik-meteo.hr\/index.php\/2026\/01\/23\/na-sredozemlju-izmjeren-rekordno-visok-val\/","title":{"rendered":"Na Sredozemlju izmjeren rekordno visok val"},"content":{"rendered":"\n<p>Pluta\u010da je, tijekom najja\u010de faze ciklone oluje nazvane Harry,  registrirala maksimalnu visinu vala (Hmax) od 16,66 metara, u morskom  kanalu izme\u0111u Portopala di Capo Passero (jug Sicilije) i Malte, prenosi portal <a href=\"https:\/\/www.morski.hr\/rekord-val-visok-16-66-metara-zabiljezen-u-sicilijskom-tjesnacu\/\">Morski<\/a> pisanje portala <a rel=\"noreferrer noopener\" href=\"https:\/\/www.surfer.com\/news\/italy-big-waves-cyclone-harry-video?ref=morski.hr\" target=\"_blank\"><strong>Surfer<\/strong><\/a> .<\/p>\n\n\n\n<p>Sicilijski\n je tjesnac tako ovih dana u\u0161ao u meteorolo\u0161ke i oceanografske anale! \nOluja koja je na mnogim podru\u010djima od Malte do Korzike i Katalonije \ndonijela poplave, ru\u0161enja stabala i veliku obalnu \u0161tetu uz valove do 6 \nmetara, donijela je i ovaj nevjerojatan rekord. <\/p>\n\n\n\n<p>Prema izvje\u0161\u0107ima talijanskih meteorolo\u0161kih portala i malte\u0161kih medija, mjerenje je zabilje\u017eila pluta\u010da talijanske Nacionalne mre\u017ee za mjerenje valova. <\/p>\n\n\n\n<p>Lokacija izme\u0111u najju\u017enijeg rta Sicilije i Malte ina\u010de je poznata je  kao jedan od najizlo\u017eenijih morskih koridora u regiji. Objavljena  vrijednost od 16,66 metara ozna\u010dava maksimalnu visinu pojedina\u010dnog vala (Hmax) u promatranom intervalu. <\/p>\n\n\n\n<p>Dosada\u0161nji\n rekord u mediteranskim izvje\u0161tajima vezan je uz oluju Gloria iz \nsije\u010danja 2020. Tada je kod Baleara zabilje\u017eena maksimalna visina vala \nod oko <strong>14,22 metra<\/strong>, uz zna\u010dajnu visinu vala od <strong>8,44 metra<\/strong>.\n Oluja Harry u Sicilijskom tjesnacu, rekord maksimalnog vala u \nmediteranskom bazenu, po dostupnim instrumentalnim &#8220;pomaknula&#8221; je na \n16,66 metara.<\/p>\n","protected":false},"excerpt":{"rendered":"<p>Pluta\u010da je, tijekom najja\u010de faze ciklone oluje nazvane Harry, registrirala maksimalnu visinu vala (Hmax) od&#8230;<\/p>\n","protected":false},"author":1,"featured_media":7525,"comment_status":"closed","ping_status":"open","sticky":false,"template":"","format":"standard","meta":{"_monsterinsights_skip_tracking":false,"_monsterinsights_sitenote_active":false,"_monsterinsights_sitenote_note":"","_monsterinsights_sitenote_category":0,"footnotes":""},"categories":[11],"tags":[97,70,67,138],"class_list":["post-7524","post","type-post","status-publish","format-standard","has-post-thumbnail","hentry","category-europa","tag-ekstremne-vremenske-prilike","tag-more","tag-sredozemlje","tag-valovi"],"_links":{"self":[{"href":"https:\/\/sibenik-meteo.hr\/index.php\/wp-json\/wp\/v2\/posts\/7524","targetHints":{"allow":["GET"]}}],"collection":[{"href":"https:\/\/sibenik-meteo.hr\/index.php\/wp-json\/wp\/v2\/posts"}],"about":[{"href":"https:\/\/sibenik-meteo.hr\/index.php\/wp-json\/wp\/v2\/types\/post"}],"author":[{"embeddable":true,"href":"https:\/\/sibenik-meteo.hr\/index.php\/wp-json\/wp\/v2\/users\/1"}],"replies":[{"embeddable":true,"href":"https:\/\/sibenik-meteo.hr\/index.php\/wp-json\/wp\/v2\/comments?post=7524"}],"version-history":[{"count":1,"href":"https:\/\/sibenik-meteo.hr\/index.php\/wp-json\/wp\/v2\/posts\/7524\/revisions"}],"predecessor-version":[{"id":7526,"href":"https:\/\/sibenik-meteo.hr\/index.php\/wp-json\/wp\/v2\/posts\/7524\/revisions\/7526"}],"wp:featuredmedia":[{"embeddable":true,"href":"https:\/\/sibenik-meteo.hr\/index.php\/wp-json\/wp\/v2\/media\/7525"}],"wp:attachment":[{"href":"https:\/\/sibenik-meteo.hr\/index.php\/wp-json\/wp\/v2\/media?parent=7524"}],"wp:term":[{"taxonomy":"category","embeddable":true,"href":"https:\/\/sibenik-meteo.hr\/index.php\/wp-json\/wp\/v2\/categories?post=7524"},{"taxonomy":"post_tag","embeddable":true,"href":"https:\/\/sibenik-meteo.hr\/index.php\/wp-json\/wp\/v2\/tags?post=7524"}],"curies":[{"name":"wp","href":"https:\/\/api.w.org\/{rel}","templated":true}]}}