{"id":7518,"date":"2026-01-23T11:11:21","date_gmt":"2026-01-23T10:11:21","guid":{"rendered":"https:\/\/sibenik-meteo.hr\/?p=7518"},"modified":"2026-01-23T11:13:57","modified_gmt":"2026-01-23T10:13:57","slug":"kraj-mjeseca-uz-ceste-promjene-vremena","status":"publish","type":"post","link":"https:\/\/sibenik-meteo.hr\/index.php\/2026\/01\/23\/kraj-mjeseca-uz-ceste-promjene-vremena\/","title":{"rendered":"Kraj mjeseca uz \u010deste promjene vremena"},"content":{"rendered":"\n<p>Niz frontalnih sustava i ciklona u narednim danima u vlaovima \u0107e se premje\u0161tati preko nas, a osim \u0161ta \u0107e ih biti gotovo te\u0161ko popratiti kod mnogih \u0107e izazvati lo\u0161e raspolo\u017eenje i glavobolje.<\/p>\n\n\n\n<p>Nakon tihog jutra u nastavku dana nas o\u010dekuje brzo ja\u010danje juga koje \u0107e u danima vikenda biti umjereno jako i jako. U drugom dijelu nedjelje vjetar \u0107e prolazom sustava okrenuti prolazno na sjeverozapadne smjerove ali vrlo brzo ponovno na jugo. Zatim u danima narednog tjedna sli\u010dna situacija uz \u010deste promjene smjerova vjetrova ali i samog vremena uz obla\u010dne i sun\u010dane periode, ki\u0161u i grmljavinske pljuskove.<\/p>\n\n\n\n<p>Hladno razdoblje je iza nas, a pred nama su temperature zraka ne\u0161to ve\u0107e od prosjeka za doba godine. Uz mali dnevni hod one \u0107e se kretati izme\u0111u 8 i 14\u00b0C.<\/p>\n","protected":false},"excerpt":{"rendered":"<p>Niz frontalnih sustava i ciklona u narednim danima u vlaovima \u0107e se premje\u0161tati preko nas,&#8230;<\/p>\n","protected":false},"author":1,"featured_media":6091,"comment_status":"closed","ping_status":"open","sticky":false,"template":"","format":"standard","meta":{"_monsterinsights_skip_tracking":false,"_monsterinsights_sitenote_active":false,"_monsterinsights_sitenote_note":"","_monsterinsights_sitenote_category":0,"footnotes":""},"categories":[3],"tags":[16,49,222,144],"class_list":["post-7518","post","type-post","status-publish","format-standard","has-post-thumbnail","hentry","category-lokalno-vrijeme","tag-dalmacija","tag-jadran","tag-lokalna-prognoza","tag-prognosticki-modeli"],"_links":{"self":[{"href":"https:\/\/sibenik-meteo.hr\/index.php\/wp-json\/wp\/v2\/posts\/7518","targetHints":{"allow":["GET"]}}],"collection":[{"href":"https:\/\/sibenik-meteo.hr\/index.php\/wp-json\/wp\/v2\/posts"}],"about":[{"href":"https:\/\/sibenik-meteo.hr\/index.php\/wp-json\/wp\/v2\/types\/post"}],"author":[{"embeddable":true,"href":"https:\/\/sibenik-meteo.hr\/index.php\/wp-json\/wp\/v2\/users\/1"}],"replies":[{"embeddable":true,"href":"https:\/\/sibenik-meteo.hr\/index.php\/wp-json\/wp\/v2\/comments?post=7518"}],"version-history":[{"count":2,"href":"https:\/\/sibenik-meteo.hr\/index.php\/wp-json\/wp\/v2\/posts\/7518\/revisions"}],"predecessor-version":[{"id":7520,"href":"https:\/\/sibenik-meteo.hr\/index.php\/wp-json\/wp\/v2\/posts\/7518\/revisions\/7520"}],"wp:featuredmedia":[{"embeddable":true,"href":"https:\/\/sibenik-meteo.hr\/index.php\/wp-json\/wp\/v2\/media\/6091"}],"wp:attachment":[{"href":"https:\/\/sibenik-meteo.hr\/index.php\/wp-json\/wp\/v2\/media?parent=7518"}],"wp:term":[{"taxonomy":"category","embeddable":true,"href":"https:\/\/sibenik-meteo.hr\/index.php\/wp-json\/wp\/v2\/categories?post=7518"},{"taxonomy":"post_tag","embeddable":true,"href":"https:\/\/sibenik-meteo.hr\/index.php\/wp-json\/wp\/v2\/tags?post=7518"}],"curies":[{"name":"wp","href":"https:\/\/api.w.org\/{rel}","templated":true}]}}