{"id":7515,"date":"2026-01-22T10:52:17","date_gmt":"2026-01-22T09:52:17","guid":{"rendered":"https:\/\/sibenik-meteo.hr\/?p=7515"},"modified":"2026-01-22T11:10:08","modified_gmt":"2026-01-22T10:10:08","slug":"kraj-hladnog-razdoblja-za-vikend-jako-jugo-i-lokalno-obilnije-oborine","status":"publish","type":"post","link":"https:\/\/sibenik-meteo.hr\/index.php\/2026\/01\/22\/kraj-hladnog-razdoblja-za-vikend-jako-jugo-i-lokalno-obilnije-oborine\/","title":{"rendered":"Kraj hladnog razdoblja, za vikend jako jugo i lokalno obilnije oborine"},"content":{"rendered":"\n<p>Dugotrajno razdoblje hladno\u0107e polako popu\u0161ta pred naletom toplije zra\u010dne mase iz Sredozemlja, odnosno ciklone koja je prethodnih dana obalama Sicilije donijela izuzetno opasne vremenske prilike, vjetrovito vrijeme te visoke valove.<\/p>\n\n\n\n<p>Utjecaj ciklone osje\u0107a se od ju\u010der i kod nas pa je vrijeme prete\u017eno obla\u010dno, a danas ima i pojave slabe ki\u0161e. Slaba bura i levanat pu\u0161e otprilike do \u0160ibenika, a ju\u017enije i prema otverenom moru prevaladava umjereno jugo. Nakon razmjerno niskih temperatura zraka one su od danas u postupnom porastu, a taj trend \u0107e se nastaviti i narednih dana.<\/p>\n\n\n\n<p>U danima vikenda o\u010dekuje nas novo, ovaj put i izra\u017eenije pogor\u0161anje vremena pra\u0107eno ve\u0107 od sutra ja\u010danjem juga, a u danima vikenda, osobito u nedjelju i lokalno izra\u017eenijim oborinma i grmljavinom. Temperature zraka uz ju\u017einu \u0107e biti u porastu za dodatnih pet stupnjeva u odnosu na danas.<\/p>\n","protected":false},"excerpt":{"rendered":"<p>Dugotrajno razdoblje hladno\u0107e polako popu\u0161ta pred naletom toplije zra\u010dne mase iz Sredozemlja, odnosno ciklone koja&#8230;<\/p>\n","protected":false},"author":1,"featured_media":2661,"comment_status":"closed","ping_status":"open","sticky":false,"template":"","format":"standard","meta":{"_monsterinsights_skip_tracking":false,"_monsterinsights_sitenote_active":false,"_monsterinsights_sitenote_note":"","_monsterinsights_sitenote_category":0,"footnotes":""},"categories":[3],"tags":[16,49,76,382],"class_list":["post-7515","post","type-post","status-publish","format-standard","has-post-thumbnail","hentry","category-lokalno-vrijeme","tag-dalmacija","tag-jadran","tag-prognoza-vremena","tag-sibensko-kninska-zupanija"],"_links":{"self":[{"href":"https:\/\/sibenik-meteo.hr\/index.php\/wp-json\/wp\/v2\/posts\/7515","targetHints":{"allow":["GET"]}}],"collection":[{"href":"https:\/\/sibenik-meteo.hr\/index.php\/wp-json\/wp\/v2\/posts"}],"about":[{"href":"https:\/\/sibenik-meteo.hr\/index.php\/wp-json\/wp\/v2\/types\/post"}],"author":[{"embeddable":true,"href":"https:\/\/sibenik-meteo.hr\/index.php\/wp-json\/wp\/v2\/users\/1"}],"replies":[{"embeddable":true,"href":"https:\/\/sibenik-meteo.hr\/index.php\/wp-json\/wp\/v2\/comments?post=7515"}],"version-history":[{"count":2,"href":"https:\/\/sibenik-meteo.hr\/index.php\/wp-json\/wp\/v2\/posts\/7515\/revisions"}],"predecessor-version":[{"id":7517,"href":"https:\/\/sibenik-meteo.hr\/index.php\/wp-json\/wp\/v2\/posts\/7515\/revisions\/7517"}],"wp:featuredmedia":[{"embeddable":true,"href":"https:\/\/sibenik-meteo.hr\/index.php\/wp-json\/wp\/v2\/media\/2661"}],"wp:attachment":[{"href":"https:\/\/sibenik-meteo.hr\/index.php\/wp-json\/wp\/v2\/media?parent=7515"}],"wp:term":[{"taxonomy":"category","embeddable":true,"href":"https:\/\/sibenik-meteo.hr\/index.php\/wp-json\/wp\/v2\/categories?post=7515"},{"taxonomy":"post_tag","embeddable":true,"href":"https:\/\/sibenik-meteo.hr\/index.php\/wp-json\/wp\/v2\/tags?post=7515"}],"curies":[{"name":"wp","href":"https:\/\/api.w.org\/{rel}","templated":true}]}}