{"id":7297,"date":"2025-12-18T07:55:12","date_gmt":"2025-12-18T06:55:12","guid":{"rendered":"https:\/\/sibenik-meteo.hr\/?p=7297"},"modified":"2025-12-18T07:55:13","modified_gmt":"2025-12-18T06:55:13","slug":"prilicno-jak-potres-kod-otoka-mljeta","status":"publish","type":"post","link":"https:\/\/sibenik-meteo.hr\/index.php\/2025\/12\/18\/prilicno-jak-potres-kod-otoka-mljeta\/","title":{"rendered":"Prili\u010dno jak potres kod otoka Mljeta"},"content":{"rendered":"\n<p>No\u0107as, 17. prosinca 2025. godine u 23 sata i 7 minuta seizmografi  Seizmolo\u0161ke slu\u017ebe zabilje\u017eili su prili\u010dno jak potres s epicentrom u  Jadranskom moru u blizini otoka Mljeta. Magnituda potresa iznosila je  4.0 prema Richteru, a intenzitet u epicentru procijenjen je na V  stupnjeva EMS ljestvice. Potres se osjetio u Dubrova\u010dkom primorju, stoji u izvje\u0161taju <a href=\"https:\/\/www.pmf.unizg.hr\/geof\/seizmoloska_sluzba\/izvjesca_o_potresima?@=1ow8c#news_45225\">Geofizi\u010dkog zavoda<\/a>.<\/p>\n","protected":false},"excerpt":{"rendered":"<p>No\u0107as, 17. prosinca 2025. godine u 23 sata i 7 minuta seizmografi Seizmolo\u0161ke slu\u017ebe zabilje\u017eili&#8230;<\/p>\n","protected":false},"author":1,"featured_media":3876,"comment_status":"closed","ping_status":"open","sticky":false,"template":"","format":"standard","meta":{"_monsterinsights_skip_tracking":false,"_monsterinsights_sitenote_active":false,"_monsterinsights_sitenote_note":"","_monsterinsights_sitenote_category":0,"footnotes":""},"categories":[10],"tags":[91,77,48],"class_list":["post-7297","post","type-post","status-publish","format-standard","has-post-thumbnail","hentry","category-hrvatska","tag-dubrovnik","tag-hrvatska","tag-potres"],"_links":{"self":[{"href":"https:\/\/sibenik-meteo.hr\/index.php\/wp-json\/wp\/v2\/posts\/7297","targetHints":{"allow":["GET"]}}],"collection":[{"href":"https:\/\/sibenik-meteo.hr\/index.php\/wp-json\/wp\/v2\/posts"}],"about":[{"href":"https:\/\/sibenik-meteo.hr\/index.php\/wp-json\/wp\/v2\/types\/post"}],"author":[{"embeddable":true,"href":"https:\/\/sibenik-meteo.hr\/index.php\/wp-json\/wp\/v2\/users\/1"}],"replies":[{"embeddable":true,"href":"https:\/\/sibenik-meteo.hr\/index.php\/wp-json\/wp\/v2\/comments?post=7297"}],"version-history":[{"count":1,"href":"https:\/\/sibenik-meteo.hr\/index.php\/wp-json\/wp\/v2\/posts\/7297\/revisions"}],"predecessor-version":[{"id":7298,"href":"https:\/\/sibenik-meteo.hr\/index.php\/wp-json\/wp\/v2\/posts\/7297\/revisions\/7298"}],"wp:featuredmedia":[{"embeddable":true,"href":"https:\/\/sibenik-meteo.hr\/index.php\/wp-json\/wp\/v2\/media\/3876"}],"wp:attachment":[{"href":"https:\/\/sibenik-meteo.hr\/index.php\/wp-json\/wp\/v2\/media?parent=7297"}],"wp:term":[{"taxonomy":"category","embeddable":true,"href":"https:\/\/sibenik-meteo.hr\/index.php\/wp-json\/wp\/v2\/categories?post=7297"},{"taxonomy":"post_tag","embeddable":true,"href":"https:\/\/sibenik-meteo.hr\/index.php\/wp-json\/wp\/v2\/tags?post=7297"}],"curies":[{"name":"wp","href":"https:\/\/api.w.org\/{rel}","templated":true}]}}