{"id":7280,"date":"2025-12-09T09:27:19","date_gmt":"2025-12-09T08:27:19","guid":{"rendered":"https:\/\/sibenik-meteo.hr\/?p=7280"},"modified":"2025-12-09T14:01:19","modified_gmt":"2025-12-09T13:01:19","slug":"prosinacki-snijeg-daleke-1969-godine","status":"publish","type":"post","link":"https:\/\/sibenik-meteo.hr\/index.php\/2025\/12\/09\/prosinacki-snijeg-daleke-1969-godine\/","title":{"rendered":"Prosina\u010dki snijeg daleke 1969 godine"},"content":{"rendered":"\n<p>Jedna od ve\u0107ih snje\u017enih epizoda koja je zabilje\u017eena na ovim prostorima zbila se na samom po\u010detku prosinca 1969 godine. To\u010dnije zapo\u010dela je 6.12. formiranjem ciklone nad Jadranom koja se sporo premje\u0161tala prema jugu Italije. Istodobno nad Atlantikom je bio uspostavljen blok sa jakom anticiklonom koja je svoj greben postupno \u0161irila prema Jadranu \u0161to je otvorilo put pristizanju hladnog zraka sa sjevera kontinenta i jakom burom na Jadranu.<\/p>\n\n\n\n<p>Kroz nekoliko dana pala je impresivna koli\u010dina snijega pa je 9.12.1969. slu\u017ebena meteorolo\u0161ka postaja u \u0160ibeniku izmjerila snje\u017eni pokriva\u010d visine 28 centimetara. Temperature zraka nisu bile odvi\u0161e niske i kretale su se tih dana tek poneki stupanj ispod nule, primjerice u \u0160ibeniku je izmjereno -1, u Kninu -3, a u Splitu i Zadru 1\u00b0C.<\/p>\n\n\n\n<p>Ova poprili\u010dna koli\u010dina snijega koja je iznenadila slu\u017ebe u kombinaciji sa poledicom i burom izazvala je kolaps prometa pa su sve lokalne autobusne linije bile obustavljene, a na prometnicama su se dogodile brojne prometne nezgode sa ozlje\u0111enima putnicima, izme\u0111u ostaloga do\u0161lo je i do prevrtanja kamiona cisterne s naftom kod Pirovca. U bolnicu je zaprimljeno 20-tak sugra\u0111ana sa raznim prijelomima ekstremiteta uzrokovanih padom na slabo o\u010di\u0161\u0107enim ulicama.<\/p>\n\n\n\n<div class=\"wp-block-image\"><figure class=\"aligncenter\"><img loading=\"lazy\" decoding=\"async\" width=\"768\" height=\"512\" src=\"https:\/\/sibenik-meteo.hr\/wp-content\/uploads\/2025\/12\/archives-1969-12-9-0-0.png\" alt=\"\" class=\"wp-image-7283\" srcset=\"https:\/\/sibenik-meteo.hr\/wp-content\/uploads\/2025\/12\/archives-1969-12-9-0-0.png 768w, https:\/\/sibenik-meteo.hr\/wp-content\/uploads\/2025\/12\/archives-1969-12-9-0-0-300x200.png 300w\" sizes=\"auto, (max-width: 768px) 100vw, 768px\" \/><\/figure><\/div>\n\n\n\n<div class=\"wp-block-image\"><figure class=\"aligncenter\"><img loading=\"lazy\" decoding=\"async\" width=\"768\" height=\"512\" src=\"https:\/\/sibenik-meteo.hr\/wp-content\/uploads\/2025\/12\/archives-1969-12-9-0-1.png\" alt=\"\" class=\"wp-image-7281\" srcset=\"https:\/\/sibenik-meteo.hr\/wp-content\/uploads\/2025\/12\/archives-1969-12-9-0-1.png 768w, https:\/\/sibenik-meteo.hr\/wp-content\/uploads\/2025\/12\/archives-1969-12-9-0-1-300x200.png 300w\" sizes=\"auto, (max-width: 768px) 100vw, 768px\" \/><\/figure><\/div>\n","protected":false},"excerpt":{"rendered":"<p>Jedna od ve\u0107ih snje\u017enih epizoda koja je zabilje\u017eena na ovim prostorima zbila se na samom&#8230;<\/p>\n","protected":false},"author":1,"featured_media":7282,"comment_status":"closed","ping_status":"open","sticky":false,"template":"","format":"standard","meta":{"_monsterinsights_skip_tracking":false,"_monsterinsights_sitenote_active":false,"_monsterinsights_sitenote_note":"","_monsterinsights_sitenote_category":0,"footnotes":""},"categories":[523],"tags":[781,551,16,61,24],"class_list":["post-7280","post","type-post","status-publish","format-standard","has-post-thumbnail","hentry","category-vremepolov","tag-781","tag-arhiva","tag-dalmacija","tag-sibenik","tag-snijeg"],"_links":{"self":[{"href":"https:\/\/sibenik-meteo.hr\/index.php\/wp-json\/wp\/v2\/posts\/7280","targetHints":{"allow":["GET"]}}],"collection":[{"href":"https:\/\/sibenik-meteo.hr\/index.php\/wp-json\/wp\/v2\/posts"}],"about":[{"href":"https:\/\/sibenik-meteo.hr\/index.php\/wp-json\/wp\/v2\/types\/post"}],"author":[{"embeddable":true,"href":"https:\/\/sibenik-meteo.hr\/index.php\/wp-json\/wp\/v2\/users\/1"}],"replies":[{"embeddable":true,"href":"https:\/\/sibenik-meteo.hr\/index.php\/wp-json\/wp\/v2\/comments?post=7280"}],"version-history":[{"count":3,"href":"https:\/\/sibenik-meteo.hr\/index.php\/wp-json\/wp\/v2\/posts\/7280\/revisions"}],"predecessor-version":[{"id":7286,"href":"https:\/\/sibenik-meteo.hr\/index.php\/wp-json\/wp\/v2\/posts\/7280\/revisions\/7286"}],"wp:featuredmedia":[{"embeddable":true,"href":"https:\/\/sibenik-meteo.hr\/index.php\/wp-json\/wp\/v2\/media\/7282"}],"wp:attachment":[{"href":"https:\/\/sibenik-meteo.hr\/index.php\/wp-json\/wp\/v2\/media?parent=7280"}],"wp:term":[{"taxonomy":"category","embeddable":true,"href":"https:\/\/sibenik-meteo.hr\/index.php\/wp-json\/wp\/v2\/categories?post=7280"},{"taxonomy":"post_tag","embeddable":true,"href":"https:\/\/sibenik-meteo.hr\/index.php\/wp-json\/wp\/v2\/tags?post=7280"}],"curies":[{"name":"wp","href":"https:\/\/api.w.org\/{rel}","templated":true}]}}