{"id":7277,"date":"2025-12-08T10:38:12","date_gmt":"2025-12-08T09:38:12","guid":{"rendered":"https:\/\/sibenik-meteo.hr\/?p=7277"},"modified":"2025-12-08T10:38:13","modified_gmt":"2025-12-08T09:38:13","slug":"tjedan-stabilnih-vremenskih-prilika-2","status":"publish","type":"post","link":"https:\/\/sibenik-meteo.hr\/index.php\/2025\/12\/08\/tjedan-stabilnih-vremenskih-prilika-2\/","title":{"rendered":"Tjedan stabilnih vremenskih prilika"},"content":{"rendered":"\n<p>U tjednu pred nama nad ve\u0107im dijelom Europe postojano \u0107e dominirati jaka anticiklona koja \u0107e uspje\u0161no zaustavljati frontalne sustave sa zapada te donijeti dosta sun\u010danih sati, osobito obali dok \u0107e kontinent u ovakvim vremenskim situacijama sve vi\u0161e obilovati dugotrajnom maglom i niskom naoblakom.<\/p>\n\n\n\n<p>Povremene visoke i srednje naoblake biti \u0107e i uz obalu, ponajvi\u0161e u prvom dijelu dana dok \u0107e od sredine dana prevladavati djelomice do prete\u017eno sun\u010dano vrijeme. Vjetar \u0107e biti uglavnom slab do umjeren prevladavaqju\u0107ih sjeverozapadnih i sjevernih smjerova. Ne\u0107e biti niti odve\u0107 hladno, \u0161tovi\u0161e nakon jutarnjih 5 do 8 dnevna temperatura zraka nerijetko \u0107e porasti i do ugodnih 16\u00b0C.<\/p>\n","protected":false},"excerpt":{"rendered":"<p>U tjednu pred nama nad ve\u0107im dijelom Europe postojano \u0107e dominirati jaka anticiklona koja \u0107e&#8230;<\/p>\n","protected":false},"author":1,"featured_media":5996,"comment_status":"closed","ping_status":"open","sticky":false,"template":"","format":"standard","meta":{"_monsterinsights_skip_tracking":false,"_monsterinsights_sitenote_active":false,"_monsterinsights_sitenote_note":"","_monsterinsights_sitenote_category":0,"footnotes":""},"categories":[3],"tags":[16,77,49,222,144,143],"class_list":["post-7277","post","type-post","status-publish","format-standard","has-post-thumbnail","hentry","category-lokalno-vrijeme","tag-dalmacija","tag-hrvatska","tag-jadran","tag-lokalna-prognoza","tag-prognosticki-modeli","tag-tjedna-prognoza"],"_links":{"self":[{"href":"https:\/\/sibenik-meteo.hr\/index.php\/wp-json\/wp\/v2\/posts\/7277","targetHints":{"allow":["GET"]}}],"collection":[{"href":"https:\/\/sibenik-meteo.hr\/index.php\/wp-json\/wp\/v2\/posts"}],"about":[{"href":"https:\/\/sibenik-meteo.hr\/index.php\/wp-json\/wp\/v2\/types\/post"}],"author":[{"embeddable":true,"href":"https:\/\/sibenik-meteo.hr\/index.php\/wp-json\/wp\/v2\/users\/1"}],"replies":[{"embeddable":true,"href":"https:\/\/sibenik-meteo.hr\/index.php\/wp-json\/wp\/v2\/comments?post=7277"}],"version-history":[{"count":1,"href":"https:\/\/sibenik-meteo.hr\/index.php\/wp-json\/wp\/v2\/posts\/7277\/revisions"}],"predecessor-version":[{"id":7278,"href":"https:\/\/sibenik-meteo.hr\/index.php\/wp-json\/wp\/v2\/posts\/7277\/revisions\/7278"}],"wp:featuredmedia":[{"embeddable":true,"href":"https:\/\/sibenik-meteo.hr\/index.php\/wp-json\/wp\/v2\/media\/5996"}],"wp:attachment":[{"href":"https:\/\/sibenik-meteo.hr\/index.php\/wp-json\/wp\/v2\/media?parent=7277"}],"wp:term":[{"taxonomy":"category","embeddable":true,"href":"https:\/\/sibenik-meteo.hr\/index.php\/wp-json\/wp\/v2\/categories?post=7277"},{"taxonomy":"post_tag","embeddable":true,"href":"https:\/\/sibenik-meteo.hr\/index.php\/wp-json\/wp\/v2\/tags?post=7277"}],"curies":[{"name":"wp","href":"https:\/\/api.w.org\/{rel}","templated":true}]}}