{"id":7263,"date":"2025-12-05T11:05:43","date_gmt":"2025-12-05T10:05:43","guid":{"rendered":"https:\/\/sibenik-meteo.hr\/?p=7263"},"modified":"2025-12-05T11:05:45","modified_gmt":"2025-12-05T10:05:45","slug":"vikend-donosi-stabilizaciju-vremena-2","status":"publish","type":"post","link":"https:\/\/sibenik-meteo.hr\/index.php\/2025\/12\/05\/vikend-donosi-stabilizaciju-vremena-2\/","title":{"rendered":"Vikend donosi stabilizaciju vremena"},"content":{"rendered":"\n<p>Ciklona koja je ju\u010der donijela gotovo cijelodnevnu ki\u0161u polako se preko Jadrana premje\u0161ta dalje na istok \u0161to \u0107e u nastavku dana te osobito u danima vikenda donijeti stabilizaciju vremenskih prilika.<\/p>\n\n\n\n<p>Jo\u0161 danas nebo \u0107e biti uglavnom prekriveno oblacima, a u danima vikenda o\u010dekuje se djelomice do prete\u017eno sun\u010dano vrijeme. Slaba bura prtema ve\u010deri \u0107e poja\u010dati na umjerenu do umjereno jaku, a sutra sredinom dana prolazno okrenuti na poja\u010dan sjeverozapadnjak koji \u0107e u kombinaciji sa burom puhati ali ne\u0161to slabije i tijekom nedjelje.<\/p>\n\n\n\n<p>Temperature zraka \u0107e  u odnosu na prethodne dane biti bez ve\u0107e promjene  i imati dnevni hod od jutarnjih 5 do 8 do maksimalno dnevnih 12 do 16\u00b0C.<\/p>\n","protected":false},"excerpt":{"rendered":"<p>Ciklona koja je ju\u010der donijela gotovo cijelodnevnu ki\u0161u polako se preko Jadrana premje\u0161ta dalje na&#8230;<\/p>\n","protected":false},"author":1,"featured_media":1947,"comment_status":"closed","ping_status":"open","sticky":false,"template":"","format":"standard","meta":{"_monsterinsights_skip_tracking":false,"_monsterinsights_sitenote_active":false,"_monsterinsights_sitenote_note":"","_monsterinsights_sitenote_category":0,"footnotes":""},"categories":[3],"tags":[16,49,222,144,340],"class_list":["post-7263","post","type-post","status-publish","format-standard","has-post-thumbnail","hentry","category-lokalno-vrijeme","tag-dalmacija","tag-jadran","tag-lokalna-prognoza","tag-prognosticki-modeli","tag-vikend-prognoza"],"_links":{"self":[{"href":"https:\/\/sibenik-meteo.hr\/index.php\/wp-json\/wp\/v2\/posts\/7263","targetHints":{"allow":["GET"]}}],"collection":[{"href":"https:\/\/sibenik-meteo.hr\/index.php\/wp-json\/wp\/v2\/posts"}],"about":[{"href":"https:\/\/sibenik-meteo.hr\/index.php\/wp-json\/wp\/v2\/types\/post"}],"author":[{"embeddable":true,"href":"https:\/\/sibenik-meteo.hr\/index.php\/wp-json\/wp\/v2\/users\/1"}],"replies":[{"embeddable":true,"href":"https:\/\/sibenik-meteo.hr\/index.php\/wp-json\/wp\/v2\/comments?post=7263"}],"version-history":[{"count":1,"href":"https:\/\/sibenik-meteo.hr\/index.php\/wp-json\/wp\/v2\/posts\/7263\/revisions"}],"predecessor-version":[{"id":7264,"href":"https:\/\/sibenik-meteo.hr\/index.php\/wp-json\/wp\/v2\/posts\/7263\/revisions\/7264"}],"wp:featuredmedia":[{"embeddable":true,"href":"https:\/\/sibenik-meteo.hr\/index.php\/wp-json\/wp\/v2\/media\/1947"}],"wp:attachment":[{"href":"https:\/\/sibenik-meteo.hr\/index.php\/wp-json\/wp\/v2\/media?parent=7263"}],"wp:term":[{"taxonomy":"category","embeddable":true,"href":"https:\/\/sibenik-meteo.hr\/index.php\/wp-json\/wp\/v2\/categories?post=7263"},{"taxonomy":"post_tag","embeddable":true,"href":"https:\/\/sibenik-meteo.hr\/index.php\/wp-json\/wp\/v2\/tags?post=7263"}],"curies":[{"name":"wp","href":"https:\/\/api.w.org\/{rel}","templated":true}]}}