{"id":7206,"date":"2025-11-03T10:37:40","date_gmt":"2025-11-03T09:37:40","guid":{"rendered":"https:\/\/sibenik-meteo.hr\/?p=7206"},"modified":"2025-11-03T10:37:41","modified_gmt":"2025-11-03T09:37:41","slug":"do-vikenda-stabilno-i-suho","status":"publish","type":"post","link":"https:\/\/sibenik-meteo.hr\/index.php\/2025\/11\/03\/do-vikenda-stabilno-i-suho\/","title":{"rendered":"Do vikenda stabilno i suho"},"content":{"rendered":"\n<p>Novi tjedan zapo\u010deo nam je sa pogor\u0161anjem vremena u sklopu premje\u0161tanja frontalnog poreme\u0107aja sa zapada prema istoku kontinenta koji je jutros donio uz ki\u0161u lokalno i izra\u017eenije pljuskove, ponegdje pra\u0107ene i grmljavinom. Prema mjerenjima automatskih meteorolo\u0161kih postaja u prosjeku je palo do 20-tak litara ki\u0161e po metru \u010detvornome, a jugo uz pad temperature zraka zamijenila je umjerena bura.<\/p>\n\n\n\n<p>Brzopotezna fronta ve\u0107 sredinom dana napustiti \u0107e na\u0161e krajeve pa se uz raskidanje naoblake o\u010dekuje sve vi\u0161e sun\u010danih razdoblja. Uz umjerenu do umjereno jaku buru temperature zraka \u0107e biti osjetno ni\u017ee nego prethodnih dana i kretati se izme\u0111u 10 i 16\u00b0C.<\/p>\n\n\n\n<p>Porast tlaka zraka i utjecaj vremena pod anticiklonom od sutra pa do vikenda osigurati \u0107e nam stabilne vremenske prilike uz djelomice do prete\u017eno sun\u010dano vrijeme. Uz slabe do umjerene vjetrove sjevernih i sjeverozapadnih vjetrova temperature zraka \u0107e biti unutar temperaturnih prosjeka za ovo doba godine i kretati se izme\u0111u 9 i 19\u00b0C.<\/p>\n\n\n\n<p>Tijekom petka u zapadnom Sredozemlju se o\u010dekuje formiranje ciklone koja \u0107e se do vikenda pribli\u017eiti Jadranu. Uz postupan porast naoblake tijekom subote \u0107e zapuhati slabo jugo, a u nedjelju o\u010dekuje se i povremena ki\u0161a. Dnevne temperature zraka biti \u0107e bez ve\u0107e promjene, a no\u0107ne zbog obla\u010dnog neba i ju\u017eine u porastu.<\/p>\n","protected":false},"excerpt":{"rendered":"<p>Novi tjedan zapo\u010deo nam je sa pogor\u0161anjem vremena u sklopu premje\u0161tanja frontalnog poreme\u0107aja sa zapada&#8230;<\/p>\n","protected":false},"author":1,"featured_media":5996,"comment_status":"closed","ping_status":"open","sticky":false,"template":"","format":"standard","meta":{"_monsterinsights_skip_tracking":false,"_monsterinsights_sitenote_active":false,"_monsterinsights_sitenote_note":"","_monsterinsights_sitenote_category":0,"footnotes":""},"categories":[3],"tags":[16,49,222,76,143],"class_list":["post-7206","post","type-post","status-publish","format-standard","has-post-thumbnail","hentry","category-lokalno-vrijeme","tag-dalmacija","tag-jadran","tag-lokalna-prognoza","tag-prognoza-vremena","tag-tjedna-prognoza"],"_links":{"self":[{"href":"https:\/\/sibenik-meteo.hr\/index.php\/wp-json\/wp\/v2\/posts\/7206","targetHints":{"allow":["GET"]}}],"collection":[{"href":"https:\/\/sibenik-meteo.hr\/index.php\/wp-json\/wp\/v2\/posts"}],"about":[{"href":"https:\/\/sibenik-meteo.hr\/index.php\/wp-json\/wp\/v2\/types\/post"}],"author":[{"embeddable":true,"href":"https:\/\/sibenik-meteo.hr\/index.php\/wp-json\/wp\/v2\/users\/1"}],"replies":[{"embeddable":true,"href":"https:\/\/sibenik-meteo.hr\/index.php\/wp-json\/wp\/v2\/comments?post=7206"}],"version-history":[{"count":1,"href":"https:\/\/sibenik-meteo.hr\/index.php\/wp-json\/wp\/v2\/posts\/7206\/revisions"}],"predecessor-version":[{"id":7207,"href":"https:\/\/sibenik-meteo.hr\/index.php\/wp-json\/wp\/v2\/posts\/7206\/revisions\/7207"}],"wp:featuredmedia":[{"embeddable":true,"href":"https:\/\/sibenik-meteo.hr\/index.php\/wp-json\/wp\/v2\/media\/5996"}],"wp:attachment":[{"href":"https:\/\/sibenik-meteo.hr\/index.php\/wp-json\/wp\/v2\/media?parent=7206"}],"wp:term":[{"taxonomy":"category","embeddable":true,"href":"https:\/\/sibenik-meteo.hr\/index.php\/wp-json\/wp\/v2\/categories?post=7206"},{"taxonomy":"post_tag","embeddable":true,"href":"https:\/\/sibenik-meteo.hr\/index.php\/wp-json\/wp\/v2\/tags?post=7206"}],"curies":[{"name":"wp","href":"https:\/\/api.w.org\/{rel}","templated":true}]}}