{"id":7189,"date":"2025-10-24T10:18:02","date_gmt":"2025-10-24T08:18:02","guid":{"rendered":"https:\/\/sibenik-meteo.hr\/?p=7189"},"modified":"2025-10-24T10:18:04","modified_gmt":"2025-10-24T08:18:04","slug":"nestabilno-vrijeme-prevladavati-ce-i-u-danima-vikenda","status":"publish","type":"post","link":"https:\/\/sibenik-meteo.hr\/index.php\/2025\/10\/24\/nestabilno-vrijeme-prevladavati-ce-i-u-danima-vikenda\/","title":{"rendered":"Nestabilno vrijeme prevladavati \u0107e i u danima vikenda"},"content":{"rendered":"\n<p>Tlak zraka jutros je u porastu nakon \u0161to se sino\u0107 pri prolazu frontalnog sustava spustio ispod 1000hPa. Prolaz je bio pra\u0107en ki\u0161om i pljuskovima tek lokalno i grmljavinom, a jugo je zamjenio sjeverozapadni i zapadni vjetar uz neznatan pad temperature zraka.<\/p>\n\n\n\n<p>Dana\u0161nja prolazna stabilizacija koju \u0107e obilje\u017eiti djelomice do prete\u017eno sun\u010dano vrijeme \u0107e biti kratkog vijeka jer ve\u0107 u danima vikenda nebo \u0107e uglavnom natkrivati oblaci uz povremenu slabu ki\u0161u. <\/p>\n\n\n\n<p>Vjetar \u0107e biti dosta promjenjiv i nakon dana\u0161njeg umjerenog sjeverozapadnjaka sutra ponovno okrenuti na prolazno jugo, a nave\u010der na poja\u010dan sjeverozapadnjak i zapadnjak koji \u0107e puhati i tijekom nedjelje.<\/p>\n\n\n\n<p>Temperature zraka \u0107e biti ugodne uz mali dnevni hod od jutarnjih 12 do maksimalno dnevnih 16 do 18\u00b0C. <\/p>\n","protected":false},"excerpt":{"rendered":"<p>Tlak zraka jutros je u porastu nakon \u0161to se sino\u0107 pri prolazu frontalnog sustava spustio&#8230;<\/p>\n","protected":false},"author":1,"featured_media":2533,"comment_status":"closed","ping_status":"open","sticky":false,"template":"","format":"standard","meta":{"_monsterinsights_skip_tracking":false,"_monsterinsights_sitenote_active":false,"_monsterinsights_sitenote_note":"","_monsterinsights_sitenote_category":0,"footnotes":""},"categories":[3],"tags":[16,49,222,76,61,340],"class_list":["post-7189","post","type-post","status-publish","format-standard","has-post-thumbnail","hentry","category-lokalno-vrijeme","tag-dalmacija","tag-jadran","tag-lokalna-prognoza","tag-prognoza-vremena","tag-sibenik","tag-vikend-prognoza"],"_links":{"self":[{"href":"https:\/\/sibenik-meteo.hr\/index.php\/wp-json\/wp\/v2\/posts\/7189","targetHints":{"allow":["GET"]}}],"collection":[{"href":"https:\/\/sibenik-meteo.hr\/index.php\/wp-json\/wp\/v2\/posts"}],"about":[{"href":"https:\/\/sibenik-meteo.hr\/index.php\/wp-json\/wp\/v2\/types\/post"}],"author":[{"embeddable":true,"href":"https:\/\/sibenik-meteo.hr\/index.php\/wp-json\/wp\/v2\/users\/1"}],"replies":[{"embeddable":true,"href":"https:\/\/sibenik-meteo.hr\/index.php\/wp-json\/wp\/v2\/comments?post=7189"}],"version-history":[{"count":1,"href":"https:\/\/sibenik-meteo.hr\/index.php\/wp-json\/wp\/v2\/posts\/7189\/revisions"}],"predecessor-version":[{"id":7190,"href":"https:\/\/sibenik-meteo.hr\/index.php\/wp-json\/wp\/v2\/posts\/7189\/revisions\/7190"}],"wp:featuredmedia":[{"embeddable":true,"href":"https:\/\/sibenik-meteo.hr\/index.php\/wp-json\/wp\/v2\/media\/2533"}],"wp:attachment":[{"href":"https:\/\/sibenik-meteo.hr\/index.php\/wp-json\/wp\/v2\/media?parent=7189"}],"wp:term":[{"taxonomy":"category","embeddable":true,"href":"https:\/\/sibenik-meteo.hr\/index.php\/wp-json\/wp\/v2\/categories?post=7189"},{"taxonomy":"post_tag","embeddable":true,"href":"https:\/\/sibenik-meteo.hr\/index.php\/wp-json\/wp\/v2\/tags?post=7189"}],"curies":[{"name":"wp","href":"https:\/\/api.w.org\/{rel}","templated":true}]}}