{"id":7142,"date":"2025-09-24T10:53:01","date_gmt":"2025-09-24T08:53:01","guid":{"rendered":"https:\/\/sibenik-meteo.hr\/?p=7142"},"modified":"2025-09-24T10:53:03","modified_gmt":"2025-09-24T08:53:03","slug":"potop-na-granici-sibensko-kninske-i-zadarske-zupanije","status":"publish","type":"post","link":"https:\/\/sibenik-meteo.hr\/index.php\/2025\/09\/24\/potop-na-granici-sibensko-kninske-i-zadarske-zupanije\/","title":{"rendered":"Potop na granici \u0160ibensko-kninske i Zadarske \u017eupanije"},"content":{"rendered":"\n<p>Jako grmljavinsko nevrijeme, gotovo stacionarno, od ranog jutra se obru\u0161ilo na \u0161ire stankova\u010dko i pirova\u010dko podru\u010dje i polako se premje\u0161ta prema \u0160ibeniku.<\/p>\n\n\n\n<p>Prema mjerenjima automatskih meteorolo\u0161kih postaja na tom podru\u010dju do 10h pale su impresivne koli\u010dine ki\u0161e u prosjeku izme\u0111u 100 i 150 litara po metru \u010detvornome koje su uzrokovale pojavu bujica i poplavile ceste.  Obilna ki\u0161a prema radaskim zapisima pala je i u Tribunju, me\u0111utim kako na tom podru\u010dju nemamo meteorolo\u0161ku postaju mo\u017ee pretpostaviti da je i tu palu vrlo vjerovatno do 150 litara ki\u0161e!<\/p>\n\n\n\n<p>Spomenimo da je grmljavinski senzor tijekom jutra izmjerio vi\u0161e od 1500 munja!<\/p>\n\n\n\n<div class=\"wp-block-image\"><figure class=\"aligncenter\"><img loading=\"lazy\" decoding=\"async\" width=\"599\" height=\"371\" src=\"https:\/\/sibenik-meteo.hr\/wp-content\/uploads\/2025\/09\/stanje_zapad.jpg\" alt=\"\" class=\"wp-image-7143\" srcset=\"https:\/\/sibenik-meteo.hr\/wp-content\/uploads\/2025\/09\/stanje_zapad.jpg 599w, https:\/\/sibenik-meteo.hr\/wp-content\/uploads\/2025\/09\/stanje_zapad-300x186.jpg 300w\" sizes=\"auto, (max-width: 599px) 100vw, 599px\" \/><\/figure><\/div>\n","protected":false},"excerpt":{"rendered":"<p>Jako grmljavinsko nevrijeme, gotovo stacionarno, od ranog jutra se obru\u0161ilo na \u0161ire stankova\u010dko i pirova\u010dko&#8230;<\/p>\n","protected":false},"author":1,"featured_media":7144,"comment_status":"closed","ping_status":"open","sticky":false,"template":"","format":"standard","meta":{"_monsterinsights_skip_tracking":false,"_monsterinsights_sitenote_active":false,"_monsterinsights_sitenote_note":"","_monsterinsights_sitenote_category":0,"footnotes":""},"categories":[3],"tags":[331,96,457,618,776],"class_list":["post-7142","post","type-post","status-publish","format-standard","has-post-thumbnail","hentry","category-lokalno-vrijeme","tag-bujice","tag-nevrijeme","tag-obilna-kisa","tag-stankovci","tag-tribunj"],"_links":{"self":[{"href":"https:\/\/sibenik-meteo.hr\/index.php\/wp-json\/wp\/v2\/posts\/7142","targetHints":{"allow":["GET"]}}],"collection":[{"href":"https:\/\/sibenik-meteo.hr\/index.php\/wp-json\/wp\/v2\/posts"}],"about":[{"href":"https:\/\/sibenik-meteo.hr\/index.php\/wp-json\/wp\/v2\/types\/post"}],"author":[{"embeddable":true,"href":"https:\/\/sibenik-meteo.hr\/index.php\/wp-json\/wp\/v2\/users\/1"}],"replies":[{"embeddable":true,"href":"https:\/\/sibenik-meteo.hr\/index.php\/wp-json\/wp\/v2\/comments?post=7142"}],"version-history":[{"count":1,"href":"https:\/\/sibenik-meteo.hr\/index.php\/wp-json\/wp\/v2\/posts\/7142\/revisions"}],"predecessor-version":[{"id":7145,"href":"https:\/\/sibenik-meteo.hr\/index.php\/wp-json\/wp\/v2\/posts\/7142\/revisions\/7145"}],"wp:featuredmedia":[{"embeddable":true,"href":"https:\/\/sibenik-meteo.hr\/index.php\/wp-json\/wp\/v2\/media\/7144"}],"wp:attachment":[{"href":"https:\/\/sibenik-meteo.hr\/index.php\/wp-json\/wp\/v2\/media?parent=7142"}],"wp:term":[{"taxonomy":"category","embeddable":true,"href":"https:\/\/sibenik-meteo.hr\/index.php\/wp-json\/wp\/v2\/categories?post=7142"},{"taxonomy":"post_tag","embeddable":true,"href":"https:\/\/sibenik-meteo.hr\/index.php\/wp-json\/wp\/v2\/tags?post=7142"}],"curies":[{"name":"wp","href":"https:\/\/api.w.org\/{rel}","templated":true}]}}