{"id":7125,"date":"2025-09-21T18:07:26","date_gmt":"2025-09-21T16:07:26","guid":{"rendered":"https:\/\/sibenik-meteo.hr\/?p=7125"},"modified":"2025-09-21T18:10:10","modified_gmt":"2025-09-21T16:10:10","slug":"morpolaca-nova-meteo-lokacija","status":"publish","type":"post","link":"https:\/\/sibenik-meteo.hr\/index.php\/2025\/09\/21\/morpolaca-nova-meteo-lokacija\/","title":{"rendered":"Morpola\u010da nova meteo lokacija"},"content":{"rendered":"\n<p>Morpola\u010da, selo na samoj granici \u0160ibensko-kninske i Zadarske \u017eupanije, u Op\u0107ini Stankovci, jubilarna je 40 lokacija na na\u0161oj <a href=\"https:\/\/sibenik-meteo.hr\/index.php\/postaje\/\">mre\u017ei automatskih metorolo\u0161kih postaja<\/a> koje u realnom vremenu pru\u017eaju informacije o aktualnim vremenskim prilikama.<\/p>\n\n\n\n<p>Meteo postaja iz legendarne serije LaCrosse WS2350\/2307 je pobolj\u0161ana i nadogra\u0111ena verzija sa 3D insprintanim termo-hidro zaklonom. Opremljena je standardnim senzorima za mjerenje temperature, vla\u017enosti i tlaka zraka, smjera i brzine vjetra te koli\u010dine oborina, a obradu podataka i slanje na server osigurava mini ra\u010dunalo Raspberry Pi.<\/p>\n\n\n\n<p>Infrastrukturu i financijsku potporu osigurala je Op\u0107ina Stankovci \u010dije podru\u010dje je sada pokriveno sa pet meteo postaja, i to dvije u Stankovcima, jedna u Velimu, Biloj Vlaki te u Morpola\u010di.<\/p>\n\n\n\n<div class=\"wp-block-image\"><figure class=\"aligncenter\"><img loading=\"lazy\" decoding=\"async\" width=\"1024\" height=\"768\" src=\"https:\/\/sibenik-meteo.hr\/wp-content\/uploads\/2025\/09\/morpolaca_2-1024x768.jpg\" alt=\"\" class=\"wp-image-7126\" srcset=\"https:\/\/sibenik-meteo.hr\/wp-content\/uploads\/2025\/09\/morpolaca_2-1024x768.jpg 1024w, https:\/\/sibenik-meteo.hr\/wp-content\/uploads\/2025\/09\/morpolaca_2-300x225.jpg 300w, https:\/\/sibenik-meteo.hr\/wp-content\/uploads\/2025\/09\/morpolaca_2-768x576.jpg 768w, https:\/\/sibenik-meteo.hr\/wp-content\/uploads\/2025\/09\/morpolaca_2.jpg 2048w\" sizes=\"auto, (max-width: 1024px) 100vw, 1024px\" \/><\/figure><\/div>\n","protected":false},"excerpt":{"rendered":"<p>Morpola\u010da, selo na samoj granici \u0160ibensko-kninske i Zadarske \u017eupanije, u Op\u0107ini Stankovci, jubilarna je 40&#8230;<\/p>\n","protected":false},"author":1,"featured_media":7127,"comment_status":"closed","ping_status":"open","sticky":false,"template":"","format":"standard","meta":{"_monsterinsights_skip_tracking":false,"_monsterinsights_sitenote_active":false,"_monsterinsights_sitenote_note":"","_monsterinsights_sitenote_category":0,"footnotes":""},"categories":[10],"tags":[16,77,251,774,618,572],"class_list":["post-7125","post","type-post","status-publish","format-standard","has-post-thumbnail","hentry","category-hrvatska","tag-dalmacija","tag-hrvatska","tag-meteo-postaja","tag-morpolaca","tag-stankovci","tag-zadarska-zupanija"],"_links":{"self":[{"href":"https:\/\/sibenik-meteo.hr\/index.php\/wp-json\/wp\/v2\/posts\/7125","targetHints":{"allow":["GET"]}}],"collection":[{"href":"https:\/\/sibenik-meteo.hr\/index.php\/wp-json\/wp\/v2\/posts"}],"about":[{"href":"https:\/\/sibenik-meteo.hr\/index.php\/wp-json\/wp\/v2\/types\/post"}],"author":[{"embeddable":true,"href":"https:\/\/sibenik-meteo.hr\/index.php\/wp-json\/wp\/v2\/users\/1"}],"replies":[{"embeddable":true,"href":"https:\/\/sibenik-meteo.hr\/index.php\/wp-json\/wp\/v2\/comments?post=7125"}],"version-history":[{"count":3,"href":"https:\/\/sibenik-meteo.hr\/index.php\/wp-json\/wp\/v2\/posts\/7125\/revisions"}],"predecessor-version":[{"id":7130,"href":"https:\/\/sibenik-meteo.hr\/index.php\/wp-json\/wp\/v2\/posts\/7125\/revisions\/7130"}],"wp:featuredmedia":[{"embeddable":true,"href":"https:\/\/sibenik-meteo.hr\/index.php\/wp-json\/wp\/v2\/media\/7127"}],"wp:attachment":[{"href":"https:\/\/sibenik-meteo.hr\/index.php\/wp-json\/wp\/v2\/media?parent=7125"}],"wp:term":[{"taxonomy":"category","embeddable":true,"href":"https:\/\/sibenik-meteo.hr\/index.php\/wp-json\/wp\/v2\/categories?post=7125"},{"taxonomy":"post_tag","embeddable":true,"href":"https:\/\/sibenik-meteo.hr\/index.php\/wp-json\/wp\/v2\/tags?post=7125"}],"curies":[{"name":"wp","href":"https:\/\/api.w.org\/{rel}","templated":true}]}}