{"id":7115,"date":"2025-09-18T15:19:16","date_gmt":"2025-09-18T13:19:16","guid":{"rendered":"https:\/\/sibenik-meteo.hr\/?p=7115"},"modified":"2025-09-18T15:19:18","modified_gmt":"2025-09-18T13:19:18","slug":"u-klizistima-u-indiji-poginulo-15-osoba-za-brojnima-se-traga","status":"publish","type":"post","link":"https:\/\/sibenik-meteo.hr\/index.php\/2025\/09\/18\/u-klizistima-u-indiji-poginulo-15-osoba-za-brojnima-se-traga\/","title":{"rendered":"U klizi\u0161tima u Indiji poginulo 15 osoba, za brojnima se traga"},"content":{"rendered":"\n<p>Klizi\u0161ta i obilne ki\u0161e u indijskoj himalajskoj saveznoj dr\u017eavi Uttarakhand usmrtili su u utorak najmanje 15 ljudi, a 16 se vodi kao nestalo, izvijestili su u srijedu indijski mediji.<\/p>\n\n\n\n<p>Snimke pokazuju blatnjavu vodu kako u utorak prodire kroz grad Sahastradhara u  okrugu Dehradun, ostavljaju\u0107i za sobom uni\u0161tene trgovine, ceste i ku\u0107e,  dok su se ljudi skrivali iza zidova.<\/p>\n\n\n\n<p>&#8220;Moja trgovina je odnesena&#8221;,  rekao je tamo\u0161nji stanovnik novinskoj agenciji ANI, dodaju\u0107i da  je to jedna od sedam trgovina koje je odnijela voda na tr\u017enici. &#8220;Nema im traga.&#8221;<\/p>\n\n\n\n<p>U utorak su du\u017enosnici izvukli 13 tijela iz Dehraduna i po jedno iz okruga Pithoragarh i Nainital, izvijestile su novine <em>Indian Express<\/em>.<\/p>\n\n\n\n<p>        <\/p>\n\n\n\n<figure class=\"wp-block-embed-youtube alignright wp-block-embed is-type-video is-provider-youtube wp-embed-aspect-16-9 wp-has-aspect-ratio\"><div class=\"wp-block-embed__wrapper\">\n<iframe loading=\"lazy\" title=\"Dehradun Cloudburst | Uttarakhand Cloudburst Triggers Deadly Floods In Dehradun\" width=\"640\" height=\"360\" src=\"https:\/\/www.youtube.com\/embed\/cxKEy_JcsZo?feature=oembed\" frameborder=\"0\" allow=\"accelerometer; autoplay; clipboard-write; encrypted-media; gyroscope; picture-in-picture; web-share\" referrerpolicy=\"strict-origin-when-cross-origin\" allowfullscreen><\/iframe>\n<\/div><\/figure>\n","protected":false},"excerpt":{"rendered":"<p>Klizi\u0161ta i obilne ki\u0161e u indijskoj himalajskoj saveznoj dr\u017eavi Uttarakhand usmrtili su u utorak najmanje&#8230;<\/p>\n","protected":false},"author":1,"featured_media":7116,"comment_status":"closed","ping_status":"open","sticky":false,"template":"","format":"standard","meta":{"_monsterinsights_skip_tracking":false,"_monsterinsights_sitenote_active":false,"_monsterinsights_sitenote_note":"","_monsterinsights_sitenote_category":0,"footnotes":""},"categories":[9],"tags":[360,331,423,308,37,336],"class_list":["post-7115","post","type-post","status-publish","format-standard","has-post-thumbnail","hentry","category-svijet","tag-azija","tag-bujice","tag-indija","tag-kliziste","tag-poplave","tag-svijet"],"_links":{"self":[{"href":"https:\/\/sibenik-meteo.hr\/index.php\/wp-json\/wp\/v2\/posts\/7115","targetHints":{"allow":["GET"]}}],"collection":[{"href":"https:\/\/sibenik-meteo.hr\/index.php\/wp-json\/wp\/v2\/posts"}],"about":[{"href":"https:\/\/sibenik-meteo.hr\/index.php\/wp-json\/wp\/v2\/types\/post"}],"author":[{"embeddable":true,"href":"https:\/\/sibenik-meteo.hr\/index.php\/wp-json\/wp\/v2\/users\/1"}],"replies":[{"embeddable":true,"href":"https:\/\/sibenik-meteo.hr\/index.php\/wp-json\/wp\/v2\/comments?post=7115"}],"version-history":[{"count":1,"href":"https:\/\/sibenik-meteo.hr\/index.php\/wp-json\/wp\/v2\/posts\/7115\/revisions"}],"predecessor-version":[{"id":7117,"href":"https:\/\/sibenik-meteo.hr\/index.php\/wp-json\/wp\/v2\/posts\/7115\/revisions\/7117"}],"wp:featuredmedia":[{"embeddable":true,"href":"https:\/\/sibenik-meteo.hr\/index.php\/wp-json\/wp\/v2\/media\/7116"}],"wp:attachment":[{"href":"https:\/\/sibenik-meteo.hr\/index.php\/wp-json\/wp\/v2\/media?parent=7115"}],"wp:term":[{"taxonomy":"category","embeddable":true,"href":"https:\/\/sibenik-meteo.hr\/index.php\/wp-json\/wp\/v2\/categories?post=7115"},{"taxonomy":"post_tag","embeddable":true,"href":"https:\/\/sibenik-meteo.hr\/index.php\/wp-json\/wp\/v2\/tags?post=7115"}],"curies":[{"name":"wp","href":"https:\/\/api.w.org\/{rel}","templated":true}]}}