{"id":7097,"date":"2025-09-10T18:51:32","date_gmt":"2025-09-10T16:51:32","guid":{"rendered":"https:\/\/sibenik-meteo.hr\/?p=7097"},"modified":"2025-09-10T18:51:33","modified_gmt":"2025-09-10T16:51:33","slug":"potop-u-rijeci-crveni-alarm-na-cijelom-jadranu","status":"publish","type":"post","link":"https:\/\/sibenik-meteo.hr\/index.php\/2025\/09\/10\/potop-u-rijeci-crveni-alarm-na-cijelom-jadranu\/","title":{"rendered":"Potop u Rijeci, crveni alarm na cijelom Jadranu"},"content":{"rendered":"\n<p>Pogor\u0161anje vremena pra\u0107eno obilnim oborinama danas je zahvatilo sjeverni dio Jadrana i postupno se premje\u0161ta prema jugu. Zbog toga je DHMZ putem sustava Meteoalarm za cijeli Jadran izdalo najvi\u0161e crveno meteorolo\u0161ko upozorenje u kojem se navodi da lokalno mo\u017ee pasti izme\u0111u 90 i vi\u0161e od 100 litara ki\u0161e po metru \u010detvornome!<\/p>\n\n\n\n<p>Velike koli\u010dine ki\u0161e ve\u0107 su pale u dijelu Istre te u Rijeci gdje je palo vi\u0161e od 100 litara ki\u0161e \u0161to je dijelom uzrokovalo pojavu urbanih bujica i nano\u0161enje kamenja i zemlje na prometnice.<\/p>\n\n\n\n<p>Prema radarskim odrazima oborinska pruga u kojoj ima izra\u017eenih oborina pribli\u017eava se zadarskom podru\u010dju. Upravo \u0107e ve\u010der i no\u0107 donijeti glavninu pogor\u0161anja i u Dalmaciju.<\/p>\n","protected":false},"excerpt":{"rendered":"<p>Pogor\u0161anje vremena pra\u0107eno obilnim oborinama danas je zahvatilo sjeverni dio Jadrana i postupno se premje\u0161ta&#8230;<\/p>\n","protected":false},"author":1,"featured_media":7098,"comment_status":"closed","ping_status":"open","sticky":false,"template":"","format":"standard","meta":{"_monsterinsights_skip_tracking":false,"_monsterinsights_sitenote_active":false,"_monsterinsights_sitenote_note":"","_monsterinsights_sitenote_category":0,"footnotes":""},"categories":[10],"tags":[329,50,77,742,137],"class_list":["post-7097","post","type-post","status-publish","format-standard","has-post-thumbnail","hentry","category-hrvatska","tag-crveni-meteo-alarm","tag-dhmz","tag-hrvatska","tag-jadransko-more","tag-meteoalarm"],"_links":{"self":[{"href":"https:\/\/sibenik-meteo.hr\/index.php\/wp-json\/wp\/v2\/posts\/7097","targetHints":{"allow":["GET"]}}],"collection":[{"href":"https:\/\/sibenik-meteo.hr\/index.php\/wp-json\/wp\/v2\/posts"}],"about":[{"href":"https:\/\/sibenik-meteo.hr\/index.php\/wp-json\/wp\/v2\/types\/post"}],"author":[{"embeddable":true,"href":"https:\/\/sibenik-meteo.hr\/index.php\/wp-json\/wp\/v2\/users\/1"}],"replies":[{"embeddable":true,"href":"https:\/\/sibenik-meteo.hr\/index.php\/wp-json\/wp\/v2\/comments?post=7097"}],"version-history":[{"count":1,"href":"https:\/\/sibenik-meteo.hr\/index.php\/wp-json\/wp\/v2\/posts\/7097\/revisions"}],"predecessor-version":[{"id":7099,"href":"https:\/\/sibenik-meteo.hr\/index.php\/wp-json\/wp\/v2\/posts\/7097\/revisions\/7099"}],"wp:featuredmedia":[{"embeddable":true,"href":"https:\/\/sibenik-meteo.hr\/index.php\/wp-json\/wp\/v2\/media\/7098"}],"wp:attachment":[{"href":"https:\/\/sibenik-meteo.hr\/index.php\/wp-json\/wp\/v2\/media?parent=7097"}],"wp:term":[{"taxonomy":"category","embeddable":true,"href":"https:\/\/sibenik-meteo.hr\/index.php\/wp-json\/wp\/v2\/categories?post=7097"},{"taxonomy":"post_tag","embeddable":true,"href":"https:\/\/sibenik-meteo.hr\/index.php\/wp-json\/wp\/v2\/tags?post=7097"}],"curies":[{"name":"wp","href":"https:\/\/api.w.org\/{rel}","templated":true}]}}