{"id":6918,"date":"2025-07-28T11:08:18","date_gmt":"2025-07-28T09:08:18","guid":{"rendered":"https:\/\/sibenik-meteo.hr\/?p=6918"},"modified":"2025-07-28T11:13:13","modified_gmt":"2025-07-28T09:13:13","slug":"nakon-nestabilnog-pocetka-od-sredine-tjedna-povratak-ljeta","status":"publish","type":"post","link":"https:\/\/sibenik-meteo.hr\/index.php\/2025\/07\/28\/nakon-nestabilnog-pocetka-od-sredine-tjedna-povratak-ljeta\/","title":{"rendered":"Nakon nestabilnog po\u010detka od sredine tjedna povratak ljeta"},"content":{"rendered":"\n<p>Ciklona s frontalnim sustavom koja se danas preko Jadrana premje\u0161ta na jugoistok donijeti \u0107e nam novi val pogor\u0161anja vremena koji je ve\u0107 zahvatio sjeverni dio Jadrana, a od sredine dana o\u010dekuje se i u ve\u0107em dijelu Dalmacije.<\/p>\n\n\n\n<p>Pokazuju to i radarski odrazi koji detektiraju nekoliko grmljavinskih sustava koji su se ovog jutra od talijanske obale &#8220;otisnuli&#8221; i uputili prema isto\u010dnoj strani Jadrana.<\/p>\n\n\n\n<p>Glavnina pogor\u0161anja vremena, naj\u010de\u0161\u0107e u obliku nevera, na\u0161e \u0107e podru\u010dje zahvatiti u drugom dijelu dana kada su lokalno mogu\u0107a i izra\u017eenija nevremena zbog \u010dega je Meteoalarm za danas izdao visoko naran\u010dasto vremensko upozorenje. Ve\u0107i dio dana vjetar \u0107e biti slab ju\u017enih smjerova, a poja\u010dan za vrijeme nevere. Prema ve\u010deri vjetar \u0107e okrenuti na slabu do umjerenu buru. Temperature zraka za doba ljeta ugodne i u rasponu izme\u0111u 19 i 28\u00b0C. Nestabilnosti \u0107e se u no\u0107i postupno premje\u0161tati prema jugu Jadrana, a sa sjevera \u0107e ja\u010dati bura koja \u0107e sutra biti umjereno jaka do jaka. Od sredine dana vrijeme \u0107e se postupno stabilizirati uz prestanak oborina i raskidanje naoblake. Temperature zraka, osobito dnevne \u0107e biti malo ni\u017ee i kretati se do 25\u00b0.<\/p>\n\n\n\n<p>Od srijede sve stabilnije uz djelomice do prete\u017eno sun\u010dano vrijeme. Nakon u no\u0107i jo\u0161 poja\u010dane bure od sredine dana vjetar \u0107e okrenuti na umjeren sjeverozapadnjak. Od petka vjetar u daljnjem slabljenju i u re\u017eimu stabilnog ljetnog vremena pratiti \u0107e kretanje sunca. Temperature zraka i dalje ugodne uz dnevni hod izme\u0111u 20 i 30\u00b0C.<\/p>\n","protected":false},"excerpt":{"rendered":"<p>Ciklona s frontalnim sustavom koja se danas preko Jadrana premje\u0161ta na jugoistok donijeti \u0107e nam&#8230;<\/p>\n","protected":false},"author":1,"featured_media":1992,"comment_status":"closed","ping_status":"open","sticky":false,"template":"","format":"standard","meta":{"_monsterinsights_skip_tracking":false,"_monsterinsights_sitenote_active":false,"_monsterinsights_sitenote_note":"","_monsterinsights_sitenote_category":0,"footnotes":""},"categories":[3],"tags":[16,49,222,143],"class_list":["post-6918","post","type-post","status-publish","format-standard","has-post-thumbnail","hentry","category-lokalno-vrijeme","tag-dalmacija","tag-jadran","tag-lokalna-prognoza","tag-tjedna-prognoza"],"_links":{"self":[{"href":"https:\/\/sibenik-meteo.hr\/index.php\/wp-json\/wp\/v2\/posts\/6918","targetHints":{"allow":["GET"]}}],"collection":[{"href":"https:\/\/sibenik-meteo.hr\/index.php\/wp-json\/wp\/v2\/posts"}],"about":[{"href":"https:\/\/sibenik-meteo.hr\/index.php\/wp-json\/wp\/v2\/types\/post"}],"author":[{"embeddable":true,"href":"https:\/\/sibenik-meteo.hr\/index.php\/wp-json\/wp\/v2\/users\/1"}],"replies":[{"embeddable":true,"href":"https:\/\/sibenik-meteo.hr\/index.php\/wp-json\/wp\/v2\/comments?post=6918"}],"version-history":[{"count":2,"href":"https:\/\/sibenik-meteo.hr\/index.php\/wp-json\/wp\/v2\/posts\/6918\/revisions"}],"predecessor-version":[{"id":6920,"href":"https:\/\/sibenik-meteo.hr\/index.php\/wp-json\/wp\/v2\/posts\/6918\/revisions\/6920"}],"wp:featuredmedia":[{"embeddable":true,"href":"https:\/\/sibenik-meteo.hr\/index.php\/wp-json\/wp\/v2\/media\/1992"}],"wp:attachment":[{"href":"https:\/\/sibenik-meteo.hr\/index.php\/wp-json\/wp\/v2\/media?parent=6918"}],"wp:term":[{"taxonomy":"category","embeddable":true,"href":"https:\/\/sibenik-meteo.hr\/index.php\/wp-json\/wp\/v2\/categories?post=6918"},{"taxonomy":"post_tag","embeddable":true,"href":"https:\/\/sibenik-meteo.hr\/index.php\/wp-json\/wp\/v2\/tags?post=6918"}],"curies":[{"name":"wp","href":"https:\/\/api.w.org\/{rel}","templated":true}]}}