{"id":6901,"date":"2025-07-26T15:29:20","date_gmt":"2025-07-26T13:29:20","guid":{"rendered":"https:\/\/sibenik-meteo.hr\/?p=6901"},"modified":"2025-07-26T15:29:21","modified_gmt":"2025-07-26T13:29:21","slug":"zagrebacka-i-karlovacka-regija-pod-najvisim-stupnjem-upozorenja","status":"publish","type":"post","link":"https:\/\/sibenik-meteo.hr\/index.php\/2025\/07\/26\/zagrebacka-i-karlovacka-regija-pod-najvisim-stupnjem-upozorenja\/","title":{"rendered":"Zagreba\u010dka i Karlova\u010dka regija pod najvi\u0161im stupnjem upozorenja"},"content":{"rendered":"\n<p>Zagreba\u010dka i karlova\u010dka regija su pod najvi\u0161im stupnjem upozorenja, \u0161to  zna\u010di da \u0107e vrijeme biti iznimno opasno. O\u010dekuje se obilna ki\u0161a, osobito  tijekom no\u0107i, stoji u objavi DHMZ-a na dru\u0161ztvenoj mre\u017ei X.<\/p>\n\n\n\n<p>Iz Ravnateljstva civilne za\u0161tite&nbsp;upozorili su da intenzivna obilna oborina mo\u017ee prouzro\u010diti pojave urbanih i buji\u010dnih poplava.<\/p>\n\n\n\n<p>&#8220;Posebno apeliramo na gra\u0111ane koji \u017eive na bujicama sklonim  podru\u010djima da pravovremeno poduzmu mjere za\u0161tite svoje imovine. Budite  odgovorni i prilagodite svoje aktivnosti vremenskim uvjetima &#8211; sigurnost  je na prvom mjestu&#8221;, navode u svom priop\u0107enju na FB profilu CZ.<\/p>\n\n\n\n<p>&#8220;Prvi na udaru su zapadniji predjeli, sjeverni \nJadran, gorski predjeli i osobito sredi\u0161nja Hrvatska. Uz dnevno \nzagrijavanje o\u010dekujemo razvoj ja\u010dih grmljavinskih nevremena, mogu\u0107a je \npritom i tu\u010da, te jaki olujan vjetar.<\/p>\n\n\n\n<p>Tako\u0111er, i obilna oborina budu\u0107i da \u0107e se ta taj sustav vrlo sporo \npremje\u0161tati na istok, dakle, kako \u0107e dan odmicati vjerojatnost za \nnevremena rast \u0107e prema istoku, ali i prema jugu&#8221;, poru\u010dila je \nvoditeljica Odjela za vremensku prognozu DHMZ-a Tomislava Hojsak za <a href=\"https:\/\/vijesti.hrt.hr\/hrvatska\/promjena-vremena-stize-u-hrvatsku-dhmz-izdao-upozorenja-12263392\" target=\"_blank\" rel=\"noreferrer noopener\">HRT<\/a>.<\/p>\n\n\n\n<p>Grmljavinska nevremena mogu biti vrlo ozbiljna, uz obilnu ki\u0161u mo\u017ee \nbiti buji\u010dnih i urbanih poplava. Ne preporu\u010duje se boravak na otvorenom \nosobito ne u prirodi.<\/p>\n\n\n\n<p>Treba za\u0161titi imovinu &#8211; automobile staviti pod krov. Ku\u0107ne ljubimce i\n doma\u0107e \u017eivotinje, tako\u0111er, treba skloniti i ne preporu\u010duju se izleti \ntijekom vikenda, ni danas, ali ni sutra, poru\u010duje Hojsak.<\/p>\n","protected":false},"excerpt":{"rendered":"<p>Zagreba\u010dka i karlova\u010dka regija su pod najvi\u0161im stupnjem upozorenja, \u0161to zna\u010di da \u0107e vrijeme biti&#8230;<\/p>\n","protected":false},"author":1,"featured_media":6902,"comment_status":"closed","ping_status":"open","sticky":false,"template":"","format":"standard","meta":{"_monsterinsights_skip_tracking":false,"_monsterinsights_sitenote_active":false,"_monsterinsights_sitenote_note":"","_monsterinsights_sitenote_category":0,"footnotes":""},"categories":[10],"tags":[329,50,77,42],"class_list":["post-6901","post","type-post","status-publish","format-standard","has-post-thumbnail","hentry","category-hrvatska","tag-crveni-meteo-alarm","tag-dhmz","tag-hrvatska","tag-opasno-vrijeme"],"_links":{"self":[{"href":"https:\/\/sibenik-meteo.hr\/index.php\/wp-json\/wp\/v2\/posts\/6901","targetHints":{"allow":["GET"]}}],"collection":[{"href":"https:\/\/sibenik-meteo.hr\/index.php\/wp-json\/wp\/v2\/posts"}],"about":[{"href":"https:\/\/sibenik-meteo.hr\/index.php\/wp-json\/wp\/v2\/types\/post"}],"author":[{"embeddable":true,"href":"https:\/\/sibenik-meteo.hr\/index.php\/wp-json\/wp\/v2\/users\/1"}],"replies":[{"embeddable":true,"href":"https:\/\/sibenik-meteo.hr\/index.php\/wp-json\/wp\/v2\/comments?post=6901"}],"version-history":[{"count":1,"href":"https:\/\/sibenik-meteo.hr\/index.php\/wp-json\/wp\/v2\/posts\/6901\/revisions"}],"predecessor-version":[{"id":6903,"href":"https:\/\/sibenik-meteo.hr\/index.php\/wp-json\/wp\/v2\/posts\/6901\/revisions\/6903"}],"wp:featuredmedia":[{"embeddable":true,"href":"https:\/\/sibenik-meteo.hr\/index.php\/wp-json\/wp\/v2\/media\/6902"}],"wp:attachment":[{"href":"https:\/\/sibenik-meteo.hr\/index.php\/wp-json\/wp\/v2\/media?parent=6901"}],"wp:term":[{"taxonomy":"category","embeddable":true,"href":"https:\/\/sibenik-meteo.hr\/index.php\/wp-json\/wp\/v2\/categories?post=6901"},{"taxonomy":"post_tag","embeddable":true,"href":"https:\/\/sibenik-meteo.hr\/index.php\/wp-json\/wp\/v2\/tags?post=6901"}],"curies":[{"name":"wp","href":"https:\/\/api.w.org\/{rel}","templated":true}]}}