{"id":6816,"date":"2025-07-14T11:02:57","date_gmt":"2025-07-14T09:02:57","guid":{"rendered":"https:\/\/sibenik-meteo.hr\/?p=6816"},"modified":"2025-07-14T11:02:57","modified_gmt":"2025-07-14T09:02:57","slug":"prolazno-vise-naoblake-u-prvom-dijelu-tjedna","status":"publish","type":"post","link":"https:\/\/sibenik-meteo.hr\/index.php\/2025\/07\/14\/prolazno-vise-naoblake-u-prvom-dijelu-tjedna\/","title":{"rendered":"Prolazno vi\u0161e naoblake u prvom dijelu tjedna"},"content":{"rendered":"\n<p>Sredina ljeta donijela nam je popu\u0161tanje vru\u0107ine pa su dani podno\u0161ljivi uz maksimalce koji jedva dosegnu do 30-tog stupnja. Jednako je i sa no\u0107ima koje su vrlo ugodne, u zale\u0111u i prohladne uz minimalce koji se spu\u0161taju i do 14\u00b0C.<\/p>\n\n\n\n<p>Sa zapada nad Jadranom postupno ja\u010da greben anciklone, dok se po visini premje\u0161ta vla\u017ean i nestabilan zrak.  U tjednu pred nama ne o\u010dekuju se znatnija pogor\u0161anja vremena.<\/p>\n\n\n\n<p>Dani \u0107e prolaziti u izmjeni sun\u010danih i obla\u010dnih perioda, osobito u prvom dijelutjedna kada tijekom srijede postoji i manja mogu\u0107nost za poneki pljusak. Prevladavati \u0107e sjeverni i sjeverozpadni vjetra, sredinom dana i poja\u010dan. Temperature zraka u porastu, osobito sutra kada lokalno mogu porasti i iznad 35\u00b0C ali rije\u010d je o kratkotrajnom piku jer ve\u0107 od srijede one \u0107e se sniziti i biti ugodnije uz dnevni hod od 22 do 29\u00b0C.<\/p>\n\n\n\n<p>U druom dijelu tjedna dosta stabilnije i uz sve vi\u0161e sunca te prevladavaju\u0107e vjetrove sa mora.<\/p>\n","protected":false},"excerpt":{"rendered":"<p>Sredina ljeta donijela nam je popu\u0161tanje vru\u0107ine pa su dani podno\u0161ljivi uz maksimalce koji jedva&#8230;<\/p>\n","protected":false},"author":1,"featured_media":3163,"comment_status":"closed","ping_status":"open","sticky":false,"template":"","format":"standard","meta":{"_monsterinsights_skip_tracking":false,"_monsterinsights_sitenote_active":false,"_monsterinsights_sitenote_note":"","_monsterinsights_sitenote_category":0,"footnotes":""},"categories":[3],"tags":[16,49,222,143],"class_list":["post-6816","post","type-post","status-publish","format-standard","has-post-thumbnail","hentry","category-lokalno-vrijeme","tag-dalmacija","tag-jadran","tag-lokalna-prognoza","tag-tjedna-prognoza"],"_links":{"self":[{"href":"https:\/\/sibenik-meteo.hr\/index.php\/wp-json\/wp\/v2\/posts\/6816","targetHints":{"allow":["GET"]}}],"collection":[{"href":"https:\/\/sibenik-meteo.hr\/index.php\/wp-json\/wp\/v2\/posts"}],"about":[{"href":"https:\/\/sibenik-meteo.hr\/index.php\/wp-json\/wp\/v2\/types\/post"}],"author":[{"embeddable":true,"href":"https:\/\/sibenik-meteo.hr\/index.php\/wp-json\/wp\/v2\/users\/1"}],"replies":[{"embeddable":true,"href":"https:\/\/sibenik-meteo.hr\/index.php\/wp-json\/wp\/v2\/comments?post=6816"}],"version-history":[{"count":1,"href":"https:\/\/sibenik-meteo.hr\/index.php\/wp-json\/wp\/v2\/posts\/6816\/revisions"}],"predecessor-version":[{"id":6817,"href":"https:\/\/sibenik-meteo.hr\/index.php\/wp-json\/wp\/v2\/posts\/6816\/revisions\/6817"}],"wp:featuredmedia":[{"embeddable":true,"href":"https:\/\/sibenik-meteo.hr\/index.php\/wp-json\/wp\/v2\/media\/3163"}],"wp:attachment":[{"href":"https:\/\/sibenik-meteo.hr\/index.php\/wp-json\/wp\/v2\/media?parent=6816"}],"wp:term":[{"taxonomy":"category","embeddable":true,"href":"https:\/\/sibenik-meteo.hr\/index.php\/wp-json\/wp\/v2\/categories?post=6816"},{"taxonomy":"post_tag","embeddable":true,"href":"https:\/\/sibenik-meteo.hr\/index.php\/wp-json\/wp\/v2\/tags?post=6816"}],"curies":[{"name":"wp","href":"https:\/\/api.w.org\/{rel}","templated":true}]}}