{"id":6749,"date":"2025-06-16T10:51:53","date_gmt":"2025-06-16T08:51:53","guid":{"rendered":"https:\/\/sibenik-meteo.hr\/?p=6749"},"modified":"2025-06-16T10:51:53","modified_gmt":"2025-06-16T08:51:53","slug":"pocetak-tjedna-nestabilan-uz-mogucnost-za-slabu-kisu-i-pljuskove","status":"publish","type":"post","link":"https:\/\/sibenik-meteo.hr\/index.php\/2025\/06\/16\/pocetak-tjedna-nestabilan-uz-mogucnost-za-slabu-kisu-i-pljuskove\/","title":{"rendered":"Po\u010detak tjedna nestabilan uz mogu\u0107nost za slabu ki\u0161u i pljuskove"},"content":{"rendered":"\n<p>Novi tjedan zapo\u010dinje nam uz premje\u0161tanje frontalnog poreme\u0107aja koji je u no\u0107i i jutros zapadu zemlje donio ki\u0161u i lokalne grmljavinske pljuskove. Jug i istok ostali su po\u0161te\u0111eni iako \u0107e promjena u odre\u0111enoj mjeri narednih sati i sutra zahvatiti i taj dio Hrvatske.<\/p>\n\n\n\n<p>Prvi dio tjedna tako \u0107e biti nestabilan, a od srijede ponovno \u0107e nastupiti stabilizacija i povratak ljetnog vremena. U nastavku dana iako \u0107e se glavnina pogr\u0161anja dra\u017eti zapadnije od nje nebo nad Dalmacijom sve \u0107e vi\u0161e krasiti oblaci, a lokalno mo\u017ee ponegdje i pljusniti. U no\u0107i uz ja\u010de naobla\u010denje lokalno \u0107e biti ki\u0161e, ponegdje i neverina. <\/p>\n\n\n\n<p>Nakon slabih vjetrova jugozapadnih i ju\u017enih smjerova u no\u0107i \u0107e zapuhati umjerena do umjereno jaka bura sa kojom \u0107e sutra od sredine dana nastupiti i raskidanje naoblake uz sve vi\u0161e sun\u010danih razdoblja. <\/p>\n\n\n\n<p>Od srijede pa do kraja tjedna ponovno obilje sun\u010danih sati, a nakon \u0161to \u0107e tijekom \u010detvrtka prolazno oslabiti bura \u0107e ponovno poja\u010dati tijekom petka te u danima vikenda okrenuti na slabe sjeverozapadne i sjeverne smjerove.<\/p>\n\n\n\n<p>Temperature zraka bez ve\u0107e promjene uz dnevni hod izme\u0111u 20 i 30\u00b0C.<\/p>\n","protected":false},"excerpt":{"rendered":"<p>Novi tjedan zapo\u010dinje nam uz premje\u0161tanje frontalnog poreme\u0107aja koji je u no\u0107i i jutros zapadu&#8230;<\/p>\n","protected":false},"author":1,"featured_media":3347,"comment_status":"closed","ping_status":"open","sticky":false,"template":"","format":"standard","meta":{"_monsterinsights_skip_tracking":false,"_monsterinsights_sitenote_active":false,"_monsterinsights_sitenote_note":"","_monsterinsights_sitenote_category":0,"footnotes":""},"categories":[3],"tags":[16,77,570,222,382,143],"class_list":["post-6749","post","type-post","status-publish","format-standard","has-post-thumbnail","hentry","category-lokalno-vrijeme","tag-dalmacija","tag-hrvatska","tag-jadrtovac","tag-lokalna-prognoza","tag-sibensko-kninska-zupanija","tag-tjedna-prognoza"],"_links":{"self":[{"href":"https:\/\/sibenik-meteo.hr\/index.php\/wp-json\/wp\/v2\/posts\/6749","targetHints":{"allow":["GET"]}}],"collection":[{"href":"https:\/\/sibenik-meteo.hr\/index.php\/wp-json\/wp\/v2\/posts"}],"about":[{"href":"https:\/\/sibenik-meteo.hr\/index.php\/wp-json\/wp\/v2\/types\/post"}],"author":[{"embeddable":true,"href":"https:\/\/sibenik-meteo.hr\/index.php\/wp-json\/wp\/v2\/users\/1"}],"replies":[{"embeddable":true,"href":"https:\/\/sibenik-meteo.hr\/index.php\/wp-json\/wp\/v2\/comments?post=6749"}],"version-history":[{"count":1,"href":"https:\/\/sibenik-meteo.hr\/index.php\/wp-json\/wp\/v2\/posts\/6749\/revisions"}],"predecessor-version":[{"id":6750,"href":"https:\/\/sibenik-meteo.hr\/index.php\/wp-json\/wp\/v2\/posts\/6749\/revisions\/6750"}],"wp:featuredmedia":[{"embeddable":true,"href":"https:\/\/sibenik-meteo.hr\/index.php\/wp-json\/wp\/v2\/media\/3347"}],"wp:attachment":[{"href":"https:\/\/sibenik-meteo.hr\/index.php\/wp-json\/wp\/v2\/media?parent=6749"}],"wp:term":[{"taxonomy":"category","embeddable":true,"href":"https:\/\/sibenik-meteo.hr\/index.php\/wp-json\/wp\/v2\/categories?post=6749"},{"taxonomy":"post_tag","embeddable":true,"href":"https:\/\/sibenik-meteo.hr\/index.php\/wp-json\/wp\/v2\/tags?post=6749"}],"curies":[{"name":"wp","href":"https:\/\/api.w.org\/{rel}","templated":true}]}}