{"id":671,"date":"2020-04-08T10:56:21","date_gmt":"2020-04-08T08:56:21","guid":{"rendered":"http:\/\/sibenik-meteo.hr\/?p=671"},"modified":"2020-04-08T10:56:21","modified_gmt":"2020-04-08T08:56:21","slug":"na-sjeveru-norveske-snjezna-kataklizma","status":"publish","type":"post","link":"https:\/\/sibenik-meteo.hr\/index.php\/2020\/04\/08\/na-sjeveru-norveske-snjezna-kataklizma\/","title":{"rendered":"Na sjeveru Norve\u0161ke snje\u017ena kataklizma!"},"content":{"rendered":"\n<p>Sjeverni dio Norve\u0161ke proteklih dana, a tako je uglavnom bilo i tijekom zime, zatrpana je obilnim snijegom, izjavio je dr\u017eavni meteorolog Eirik Samuelsen.<\/p>\n\n\n\n<p>I dok je pro\u0161log vikenda na jugu vladalo lijepo ali prohladno vrijeme sjever te zemlje zahvatile su obilne snje\u017ene oborine pa je u okolici Troms\u00f8 u nedjelju izmjereno 30cm snje\u017enog pokriva\u010da.<\/p>\n\n\n\n<p>Ali i tu je bilo velikih lokalnih razlika, isti\u010de Samuelsen: &#8220;Ovdje, gdje ja \u017eivim, u Kval\u00f8yi, palo ga je puno vi\u0161e. U Breivikeidetu u regiji Troms\u00f8u od nedjelje do ponedjeljka palo ga je \u010dak 120cm!<\/p>\n\n\n\n<p>&#8220;Nikad nisam do\u017eivio toliko snijega u jednom danu&#8221;, ka\u017ee Samuelsen.<\/p>\n","protected":false},"excerpt":{"rendered":"<p>Sjeverni dio Norve\u0161ke proteklih dana, a tako je uglavnom bilo i tijekom zime, zatrpana je&#8230;<\/p>\n","protected":false},"author":1,"featured_media":672,"comment_status":"closed","ping_status":"open","sticky":false,"template":"","format":"standard","meta":{"_monsterinsights_skip_tracking":false,"_monsterinsights_sitenote_active":false,"_monsterinsights_sitenote_note":"","_monsterinsights_sitenote_category":0,"footnotes":""},"categories":[9],"tags":[],"class_list":["post-671","post","type-post","status-publish","format-standard","has-post-thumbnail","hentry","category-svijet"],"_links":{"self":[{"href":"https:\/\/sibenik-meteo.hr\/index.php\/wp-json\/wp\/v2\/posts\/671","targetHints":{"allow":["GET"]}}],"collection":[{"href":"https:\/\/sibenik-meteo.hr\/index.php\/wp-json\/wp\/v2\/posts"}],"about":[{"href":"https:\/\/sibenik-meteo.hr\/index.php\/wp-json\/wp\/v2\/types\/post"}],"author":[{"embeddable":true,"href":"https:\/\/sibenik-meteo.hr\/index.php\/wp-json\/wp\/v2\/users\/1"}],"replies":[{"embeddable":true,"href":"https:\/\/sibenik-meteo.hr\/index.php\/wp-json\/wp\/v2\/comments?post=671"}],"version-history":[{"count":1,"href":"https:\/\/sibenik-meteo.hr\/index.php\/wp-json\/wp\/v2\/posts\/671\/revisions"}],"predecessor-version":[{"id":673,"href":"https:\/\/sibenik-meteo.hr\/index.php\/wp-json\/wp\/v2\/posts\/671\/revisions\/673"}],"wp:featuredmedia":[{"embeddable":true,"href":"https:\/\/sibenik-meteo.hr\/index.php\/wp-json\/wp\/v2\/media\/672"}],"wp:attachment":[{"href":"https:\/\/sibenik-meteo.hr\/index.php\/wp-json\/wp\/v2\/media?parent=671"}],"wp:term":[{"taxonomy":"category","embeddable":true,"href":"https:\/\/sibenik-meteo.hr\/index.php\/wp-json\/wp\/v2\/categories?post=671"},{"taxonomy":"post_tag","embeddable":true,"href":"https:\/\/sibenik-meteo.hr\/index.php\/wp-json\/wp\/v2\/tags?post=671"}],"curies":[{"name":"wp","href":"https:\/\/api.w.org\/{rel}","templated":true}]}}