{"id":6667,"date":"2025-05-19T10:54:42","date_gmt":"2025-05-19T08:54:42","guid":{"rendered":"https:\/\/sibenik-meteo.hr\/?p=6667"},"modified":"2025-05-19T10:54:42","modified_gmt":"2025-05-19T08:54:42","slug":"nema-trajne-stabilizacije-vremena-niti-u-ovom-tjednu","status":"publish","type":"post","link":"https:\/\/sibenik-meteo.hr\/index.php\/2025\/05\/19\/nema-trajne-stabilizacije-vremena-niti-u-ovom-tjednu\/","title":{"rendered":"Nema trajne stabilizacije vremena niti u ovom tjednu"},"content":{"rendered":"\n<p>Sjeveroisto\u010dno od Jadrana premje\u0161ta se ciklona s frontalnim sustavom, dok se po visini zadr\u017eava vla\u017ean i nestabilan zrak. U drugoj polovici tjedna sa Sredozemlja sti\u017ee novi val pogor\u0161anja pa \u0107e vrijeme ovog tjedna biti dosta nestabilno.<\/p>\n\n\n\n<p>Uz \u010destu izmjenu sun\u010danih i obla\u010dnih perioda gotovo svakodnevno postoji \u0161ansa za poneki pljusak ili neverin, a najizglednije tijekom srijede i petka.<\/p>\n\n\n\n<p>Puhati \u0107e uglavnom slabi vjetrovi promjenjivih smjerova, a u \u010detvrtak prolazno poja\u010dano jugo. <\/p>\n\n\n\n<p>Temperature zraka ugodne, bez ve\u0107e promjene u odnosu na prethodne dane. Jutarnji minimalci kretati \u0107e se izme\u0111u 14 i 16, a maskimalne dnevne temperature zraka izme\u0111u 19 i 23\u00b0C.<\/p>\n","protected":false},"excerpt":{"rendered":"<p>Sjeveroisto\u010dno od Jadrana premje\u0161ta se ciklona s frontalnim sustavom, dok se po visini zadr\u017eava vla\u017ean&#8230;<\/p>\n","protected":false},"author":1,"featured_media":3264,"comment_status":"closed","ping_status":"open","sticky":false,"template":"","format":"standard","meta":{"_monsterinsights_skip_tracking":false,"_monsterinsights_sitenote_active":false,"_monsterinsights_sitenote_note":"","_monsterinsights_sitenote_category":0,"footnotes":""},"categories":[3],"tags":[16,49,222,76,382],"class_list":["post-6667","post","type-post","status-publish","format-standard","has-post-thumbnail","hentry","category-lokalno-vrijeme","tag-dalmacija","tag-jadran","tag-lokalna-prognoza","tag-prognoza-vremena","tag-sibensko-kninska-zupanija"],"_links":{"self":[{"href":"https:\/\/sibenik-meteo.hr\/index.php\/wp-json\/wp\/v2\/posts\/6667","targetHints":{"allow":["GET"]}}],"collection":[{"href":"https:\/\/sibenik-meteo.hr\/index.php\/wp-json\/wp\/v2\/posts"}],"about":[{"href":"https:\/\/sibenik-meteo.hr\/index.php\/wp-json\/wp\/v2\/types\/post"}],"author":[{"embeddable":true,"href":"https:\/\/sibenik-meteo.hr\/index.php\/wp-json\/wp\/v2\/users\/1"}],"replies":[{"embeddable":true,"href":"https:\/\/sibenik-meteo.hr\/index.php\/wp-json\/wp\/v2\/comments?post=6667"}],"version-history":[{"count":1,"href":"https:\/\/sibenik-meteo.hr\/index.php\/wp-json\/wp\/v2\/posts\/6667\/revisions"}],"predecessor-version":[{"id":6668,"href":"https:\/\/sibenik-meteo.hr\/index.php\/wp-json\/wp\/v2\/posts\/6667\/revisions\/6668"}],"wp:featuredmedia":[{"embeddable":true,"href":"https:\/\/sibenik-meteo.hr\/index.php\/wp-json\/wp\/v2\/media\/3264"}],"wp:attachment":[{"href":"https:\/\/sibenik-meteo.hr\/index.php\/wp-json\/wp\/v2\/media?parent=6667"}],"wp:term":[{"taxonomy":"category","embeddable":true,"href":"https:\/\/sibenik-meteo.hr\/index.php\/wp-json\/wp\/v2\/categories?post=6667"},{"taxonomy":"post_tag","embeddable":true,"href":"https:\/\/sibenik-meteo.hr\/index.php\/wp-json\/wp\/v2\/tags?post=6667"}],"curies":[{"name":"wp","href":"https:\/\/api.w.org\/{rel}","templated":true}]}}