{"id":6649,"date":"2025-05-10T09:02:35","date_gmt":"2025-05-10T07:02:35","guid":{"rendered":"https:\/\/sibenik-meteo.hr\/?p=6649"},"modified":"2025-05-10T09:07:02","modified_gmt":"2025-05-10T07:07:02","slug":"nakon-pozara-izrael-pogodile-bujicne-poplave","status":"publish","type":"post","link":"https:\/\/sibenik-meteo.hr\/index.php\/2025\/05\/10\/nakon-pozara-izrael-pogodile-bujicne-poplave\/","title":{"rendered":"Nakon po\u017eara Izrael pogodile buji\u010dne poplave"},"content":{"rendered":"\n<p>Nakon te\u0161ke borbe sa po\u017earima ovog tjedna u Izraelu usljedili su novi problemi prouzrokovani jakim pljuskovima koji su u samo jednom danu donijeli gotovo godi\u0161nju koli\u010dinu ki\u0161e. Iako su gledano to relativno uobi\u010dajne oborine za na\u0161e podru\u010dje prilikom pogor\u0161anja vremena na jugu Izraela, u gotovo polupustinjskom podru\u010dju, uzrokovale su pojavu buji\u010dnih poplava.<\/p>\n\n\n\n<p>Tako je u samo jednom danu po\u010detkom ovog tjedna kibuc Samar primio 34 litre ki\u0161e, dok je kibuc Yotvata zabilje\u017eio 17 litara po metru \u010detvornome, priop\u0107ila je meteorolo\u0161ka slu\u017eba, \u0161to je bilo dovoljno da se uzrokuje bujice. Temperature zraka su se znatno snizile i kretale ispod 20\u00b0C.<\/p>\n\n\n\n<p>Policija je zatvorila vi\u0161e glavnih cesta, uklju\u010duju\u0107i glavne ulaze u  ju\u017eni grad Eilat, izvje\u0161tava <em><a href=\"https:\/\/www.timesofisrael.com\/heavy-rains-flood-parts-of-southern-israel-leading-to-closures-on-major-roads\/\">The Times of Israel.,<\/a><\/em> te pozvala gra\u0111ane da ne ulaze u poplavljena podru\u010dja. Napomenuli su da je pribli\u017eavanje ili prelazak poplavljenih cesta, potoka ili cisterni strogo zabranjeno, nagla\u0161avaju\u0107i da je to &#8220;opasno po  \u017eivot&#8221;.  Tako\u0111er pozvali su putnike i planinare da provjere pouzdane izvore za najnovije informacije prije nego \u0161to krenu u avanturu ili da izbjegavaju sva nebitna putovanja u podru\u010dja gdje postoji opasnost od poplava. <\/p>\n\n\n\n<figure class=\"wp-block-embed-youtube aligncenter wp-block-embed is-type-video is-provider-youtube wp-embed-aspect-16-9 wp-has-aspect-ratio\"><div class=\"wp-block-embed__wrapper\">\nhttps:\/\/www.youtube.com\/watch?v=VIr63mmg2yw\n<\/div><\/figure>\n","protected":false},"excerpt":{"rendered":"<p>Nakon te\u0161ke borbe sa po\u017earima ovog tjedna u Izraelu usljedili su novi problemi prouzrokovani jakim&#8230;<\/p>\n","protected":false},"author":1,"featured_media":6652,"comment_status":"closed","ping_status":"open","sticky":false,"template":"","format":"standard","meta":{"_monsterinsights_skip_tracking":false,"_monsterinsights_sitenote_active":false,"_monsterinsights_sitenote_note":"","_monsterinsights_sitenote_category":0,"footnotes":""},"categories":[9],"tags":[331,97,106,457],"class_list":["post-6649","post","type-post","status-publish","format-standard","has-post-thumbnail","hentry","category-svijet","tag-bujice","tag-ekstremne-vremenske-prilike","tag-izrael","tag-obilna-kisa"],"_links":{"self":[{"href":"https:\/\/sibenik-meteo.hr\/index.php\/wp-json\/wp\/v2\/posts\/6649","targetHints":{"allow":["GET"]}}],"collection":[{"href":"https:\/\/sibenik-meteo.hr\/index.php\/wp-json\/wp\/v2\/posts"}],"about":[{"href":"https:\/\/sibenik-meteo.hr\/index.php\/wp-json\/wp\/v2\/types\/post"}],"author":[{"embeddable":true,"href":"https:\/\/sibenik-meteo.hr\/index.php\/wp-json\/wp\/v2\/users\/1"}],"replies":[{"embeddable":true,"href":"https:\/\/sibenik-meteo.hr\/index.php\/wp-json\/wp\/v2\/comments?post=6649"}],"version-history":[{"count":1,"href":"https:\/\/sibenik-meteo.hr\/index.php\/wp-json\/wp\/v2\/posts\/6649\/revisions"}],"predecessor-version":[{"id":6651,"href":"https:\/\/sibenik-meteo.hr\/index.php\/wp-json\/wp\/v2\/posts\/6649\/revisions\/6651"}],"wp:featuredmedia":[{"embeddable":true,"href":"https:\/\/sibenik-meteo.hr\/index.php\/wp-json\/wp\/v2\/media\/6652"}],"wp:attachment":[{"href":"https:\/\/sibenik-meteo.hr\/index.php\/wp-json\/wp\/v2\/media?parent=6649"}],"wp:term":[{"taxonomy":"category","embeddable":true,"href":"https:\/\/sibenik-meteo.hr\/index.php\/wp-json\/wp\/v2\/categories?post=6649"},{"taxonomy":"post_tag","embeddable":true,"href":"https:\/\/sibenik-meteo.hr\/index.php\/wp-json\/wp\/v2\/tags?post=6649"}],"curies":[{"name":"wp","href":"https:\/\/api.w.org\/{rel}","templated":true}]}}