{"id":6620,"date":"2025-04-28T11:00:27","date_gmt":"2025-04-28T09:00:27","guid":{"rendered":"https:\/\/sibenik-meteo.hr\/?p=6620"},"modified":"2025-04-28T11:00:28","modified_gmt":"2025-04-28T09:00:28","slug":"praznicki-tjedan-u-znaku-stabilnog-vremena","status":"publish","type":"post","link":"https:\/\/sibenik-meteo.hr\/index.php\/2025\/04\/28\/praznicki-tjedan-u-znaku-stabilnog-vremena\/","title":{"rendered":"Prazni\u010dki tjedan u znaku stabilnog vremena"},"content":{"rendered":"\n<p>Vrijeme prethodnih dana dolikuje prolje\u0107u koje obiluje \u010destim izmjenama vremenskih obrazaca, sun\u010danim i obla\u010dnim periodima kao i povremenim lokalnim grmljavinskim pljuskovima, osobito od sredine dana u zale\u0111u. Uzrok ovako promjenjivom vremenu mo\u017eemo ponajprije prona\u0107i u vrtlogu nestabilnog i vla\u017enog zraka nad nama koji polako slabi kako ja\u010da greben anticiklone sa zapada kontienenta koji \u0107e nas u polju malo povi\u0161enog tlaka zraka dr\u017eati sve do kraja tjedna.<\/p>\n\n\n\n<p>Ja\u010di razvoj naoblake i grmljavinski pljuskovi i danas su mogu\u0107i od sredine dana u zale\u0111u, a kasno poslijepodne poneki od njih rubno mo\u017ee zahvatiti i dio obale. Od sutra pa do vikenda vrijeme \u0107e biti dosta stabilnije pa \u0107e lokalni razvoji uglavnom izostati, a dani \u0107e obilovati sun\u010danim satima. Vjetar danas uglavnom slab i promjenjivih smjerova, a sutra od sredine dana svakodnevno \u0107e prevladavati sjeverozapadnjak, na moru sredinom dana i poja\u010dan. <\/p>\n\n\n\n<p>Temperature zraka u prvom dijelu tjedna ugodne uz dnevni hod izme\u0111u 15 i 25\u00b0C, a od \u010detvrtka dnevni maksimalci uz obalu \u0107e se malo sniziti i kretati oko 20\u00b0C. U zale\u0111u uz ne\u0161to ni\u017ee jutarnje temperature zraka u odnosu na obalu osvje\u017eavaju\u0107i utjecaj mora ne\u0107e se znatnije osjetiti pa \u0107e danju dnevni maksimalci kretati uglavnom oko 25\u00b0C.<\/p>\n","protected":false},"excerpt":{"rendered":"<p>Vrijeme prethodnih dana dolikuje prolje\u0107u koje obiluje \u010destim izmjenama vremenskih obrazaca, sun\u010danim i obla\u010dnim periodima&#8230;<\/p>\n","protected":false},"author":1,"featured_media":5753,"comment_status":"closed","ping_status":"open","sticky":false,"template":"","format":"standard","meta":{"_monsterinsights_skip_tracking":false,"_monsterinsights_sitenote_active":false,"_monsterinsights_sitenote_note":"","_monsterinsights_sitenote_category":0,"footnotes":""},"categories":[3],"tags":[222,76,143,502],"class_list":["post-6620","post","type-post","status-publish","format-standard","has-post-thumbnail","hentry","category-lokalno-vrijeme","tag-lokalna-prognoza","tag-prognoza-vremena","tag-tjedna-prognoza","tag-vremenska-prognoza"],"_links":{"self":[{"href":"https:\/\/sibenik-meteo.hr\/index.php\/wp-json\/wp\/v2\/posts\/6620","targetHints":{"allow":["GET"]}}],"collection":[{"href":"https:\/\/sibenik-meteo.hr\/index.php\/wp-json\/wp\/v2\/posts"}],"about":[{"href":"https:\/\/sibenik-meteo.hr\/index.php\/wp-json\/wp\/v2\/types\/post"}],"author":[{"embeddable":true,"href":"https:\/\/sibenik-meteo.hr\/index.php\/wp-json\/wp\/v2\/users\/1"}],"replies":[{"embeddable":true,"href":"https:\/\/sibenik-meteo.hr\/index.php\/wp-json\/wp\/v2\/comments?post=6620"}],"version-history":[{"count":1,"href":"https:\/\/sibenik-meteo.hr\/index.php\/wp-json\/wp\/v2\/posts\/6620\/revisions"}],"predecessor-version":[{"id":6621,"href":"https:\/\/sibenik-meteo.hr\/index.php\/wp-json\/wp\/v2\/posts\/6620\/revisions\/6621"}],"wp:featuredmedia":[{"embeddable":true,"href":"https:\/\/sibenik-meteo.hr\/index.php\/wp-json\/wp\/v2\/media\/5753"}],"wp:attachment":[{"href":"https:\/\/sibenik-meteo.hr\/index.php\/wp-json\/wp\/v2\/media?parent=6620"}],"wp:term":[{"taxonomy":"category","embeddable":true,"href":"https:\/\/sibenik-meteo.hr\/index.php\/wp-json\/wp\/v2\/categories?post=6620"},{"taxonomy":"post_tag","embeddable":true,"href":"https:\/\/sibenik-meteo.hr\/index.php\/wp-json\/wp\/v2\/tags?post=6620"}],"curies":[{"name":"wp","href":"https:\/\/api.w.org\/{rel}","templated":true}]}}