{"id":6617,"date":"2025-04-25T10:51:16","date_gmt":"2025-04-25T08:51:16","guid":{"rendered":"https:\/\/sibenik-meteo.hr\/?p=6617"},"modified":"2025-04-25T10:51:17","modified_gmt":"2025-04-25T08:51:17","slug":"vrijeme-za-vikend-stabilno-i-ugodno-toplo","status":"publish","type":"post","link":"https:\/\/sibenik-meteo.hr\/index.php\/2025\/04\/25\/vrijeme-za-vikend-stabilno-i-ugodno-toplo\/","title":{"rendered":"Vrijeme za vikend stabilno i ugodno toplo"},"content":{"rendered":"\n<p>Nad Jadranom se zadr\u017eava plitko ciklonalno polje koje i dalje podr\u017eava nestabilne vremenske prilike koje u pravilu kulminiraju od sredine dane i traju do ve\u010dernjih sati. I danas se o\u010dekuje gotovo isti scenario ali osim zale\u0111a povremenih pljuskova, lokalno pra\u0107enih i grmljavinom, mo\u017eemo o\u010dekivati i uz obalu te na otocima. Uz slab do umjeren vjetar sjeverozapadnih i sjevernih smjerova maksimalna dnevna temperatura zraka popeti \u0107e se do 20\u00b0C.<\/p>\n\n\n\n<p>U danima vikenda vrijeme \u0107e ipak biti stabilnije pa iako \u0107e biti \u010deste izmjene sun\u010danih i obla\u010dnih perioda ki\u0161a i pljuskova \u0107e biti dosta manje ili \u0107e u potpunosti izostati. <\/p>\n\n\n\n<p>Sutra \u0107e zapuhati do umjerena bura, a u nedjelju vjetar \u0107e imati promjenjive smjerove. Vi\u0161e sun\u010danih perioda i utjecaj fenske bure za posljedicu \u0107e imati i vi\u0161e maksimalne dnevne temperature zraka koje \u0107e dosegnuti ugodnih 25\u00b0C, dok \u0107e minimalne no\u0107ne uz obalu biti izme\u0111u 16 i 18\u00b0C, u zale\u0111u malo ni\u017ee.<\/p>\n","protected":false},"excerpt":{"rendered":"<p>Nad Jadranom se zadr\u017eava plitko ciklonalno polje koje i dalje podr\u017eava nestabilne vremenske prilike koje&#8230;<\/p>\n","protected":false},"author":1,"featured_media":4826,"comment_status":"closed","ping_status":"open","sticky":false,"template":"","format":"standard","meta":{"_monsterinsights_skip_tracking":false,"_monsterinsights_sitenote_active":false,"_monsterinsights_sitenote_note":"","_monsterinsights_sitenote_category":0,"footnotes":""},"categories":[3],"tags":[16,49,222,76,340],"class_list":["post-6617","post","type-post","status-publish","format-standard","has-post-thumbnail","hentry","category-lokalno-vrijeme","tag-dalmacija","tag-jadran","tag-lokalna-prognoza","tag-prognoza-vremena","tag-vikend-prognoza"],"_links":{"self":[{"href":"https:\/\/sibenik-meteo.hr\/index.php\/wp-json\/wp\/v2\/posts\/6617","targetHints":{"allow":["GET"]}}],"collection":[{"href":"https:\/\/sibenik-meteo.hr\/index.php\/wp-json\/wp\/v2\/posts"}],"about":[{"href":"https:\/\/sibenik-meteo.hr\/index.php\/wp-json\/wp\/v2\/types\/post"}],"author":[{"embeddable":true,"href":"https:\/\/sibenik-meteo.hr\/index.php\/wp-json\/wp\/v2\/users\/1"}],"replies":[{"embeddable":true,"href":"https:\/\/sibenik-meteo.hr\/index.php\/wp-json\/wp\/v2\/comments?post=6617"}],"version-history":[{"count":1,"href":"https:\/\/sibenik-meteo.hr\/index.php\/wp-json\/wp\/v2\/posts\/6617\/revisions"}],"predecessor-version":[{"id":6618,"href":"https:\/\/sibenik-meteo.hr\/index.php\/wp-json\/wp\/v2\/posts\/6617\/revisions\/6618"}],"wp:featuredmedia":[{"embeddable":true,"href":"https:\/\/sibenik-meteo.hr\/index.php\/wp-json\/wp\/v2\/media\/4826"}],"wp:attachment":[{"href":"https:\/\/sibenik-meteo.hr\/index.php\/wp-json\/wp\/v2\/media?parent=6617"}],"wp:term":[{"taxonomy":"category","embeddable":true,"href":"https:\/\/sibenik-meteo.hr\/index.php\/wp-json\/wp\/v2\/categories?post=6617"},{"taxonomy":"post_tag","embeddable":true,"href":"https:\/\/sibenik-meteo.hr\/index.php\/wp-json\/wp\/v2\/tags?post=6617"}],"curies":[{"name":"wp","href":"https:\/\/api.w.org\/{rel}","templated":true}]}}