{"id":6608,"date":"2025-04-20T13:53:19","date_gmt":"2025-04-20T11:53:19","guid":{"rendered":"https:\/\/sibenik-meteo.hr\/?p=6608"},"modified":"2025-04-20T13:53:20","modified_gmt":"2025-04-20T11:53:20","slug":"izmjerena-rekordna-ukupna-kolicina-snijega-u-svicarskoj","status":"publish","type":"post","link":"https:\/\/sibenik-meteo.hr\/index.php\/2025\/04\/20\/izmjerena-rekordna-ukupna-kolicina-snijega-u-svicarskoj\/","title":{"rendered":"Izmjerena rekordna ukupna koli\u010dina snijega u \u0160vicarskoj"},"content":{"rendered":"\n<p>Novi \u0161vicarski rekord u koli\u010dini snijega postavljen je na\u00a0stanici Bortelsee\u00a0u regiji Simplon u \u0160vicarskoj, gdje\u00a0je u samo dva dana palo 226 centimetara snijega, a 247 centimetara nakupilo se tijekom tri dana.\u00a0Ovaj doga\u0111aj bez presedana, zabilje\u017een od 15. do 17. travnja 2025., sada predstavlja najve\u0107u koli\u010dinu snijega ikada izmjerenu u kratkim vremenskim razdobljima u \u0160vicarskoj, nadma\u0161uju\u0107i prethodne rekorde od 215 centimetara u dva dana na prijevoju Bernina u travnju 1999. i 229 centimetara u tri dana u Weissfluhjochu u velja\u010di 1990.<\/p>\n\n\n\n<p>Snje\u017ene oborine prvenstveno je potaknula &#8220;Hansova&#8221; depresija, sustav niskog tlaka koji se razvio iznad Genovskog zaljeva. Nazvan po talijanskim meteorolo\u0161kim slu\u017ebama, Hans je kanalizirao sna\u017eno jugoisto\u010dno strujanje iz Sredozemlja, nose\u0107i topao zrak pun vlage u ju\u017ene Alpe. Kako je ova zra\u010dna masa nailazila na planinski teren, bila je potisnuta prema gore, \u0161to je rezultiralo intenzivnim orografskim padalinama na ju\u017enim padinama, posebno u regiji Simplon.<\/p>\n\n\n\n<p>Interakcija izme\u0111u ovog vla\u017enog zraka i hladnijih zra\u010dnih masa na vi\u0161im nadmorskim visinama dovela je do zna\u010dajnih snje\u017enih oborina, \u0161to je kulminiralo rekordnim nakupljanjem uo\u010denim u Bortelseeu.<\/p>\n\n\n\n<figure class=\"wp-block-embed-youtube aligncenter wp-block-embed is-type-video is-provider-youtube wp-embed-aspect-16-9 wp-has-aspect-ratio\"><div class=\"wp-block-embed__wrapper\">\nhttps:\/\/youtu.be\/Z5iQDay7okw\n<\/div><\/figure>\n","protected":false},"excerpt":{"rendered":"<p>Novi \u0161vicarski rekord u koli\u010dini snijega postavljen je na\u00a0stanici Bortelsee\u00a0u regiji Simplon u \u0160vicarskoj, gdje\u00a0je&#8230;<\/p>\n","protected":false},"author":1,"featured_media":6609,"comment_status":"closed","ping_status":"open","sticky":false,"template":"","format":"standard","meta":{"_monsterinsights_skip_tracking":false,"_monsterinsights_sitenote_active":false,"_monsterinsights_sitenote_note":"","_monsterinsights_sitenote_category":0,"footnotes":""},"categories":[11],"tags":[],"class_list":["post-6608","post","type-post","status-publish","format-standard","has-post-thumbnail","hentry","category-europa"],"_links":{"self":[{"href":"https:\/\/sibenik-meteo.hr\/index.php\/wp-json\/wp\/v2\/posts\/6608","targetHints":{"allow":["GET"]}}],"collection":[{"href":"https:\/\/sibenik-meteo.hr\/index.php\/wp-json\/wp\/v2\/posts"}],"about":[{"href":"https:\/\/sibenik-meteo.hr\/index.php\/wp-json\/wp\/v2\/types\/post"}],"author":[{"embeddable":true,"href":"https:\/\/sibenik-meteo.hr\/index.php\/wp-json\/wp\/v2\/users\/1"}],"replies":[{"embeddable":true,"href":"https:\/\/sibenik-meteo.hr\/index.php\/wp-json\/wp\/v2\/comments?post=6608"}],"version-history":[{"count":1,"href":"https:\/\/sibenik-meteo.hr\/index.php\/wp-json\/wp\/v2\/posts\/6608\/revisions"}],"predecessor-version":[{"id":6610,"href":"https:\/\/sibenik-meteo.hr\/index.php\/wp-json\/wp\/v2\/posts\/6608\/revisions\/6610"}],"wp:featuredmedia":[{"embeddable":true,"href":"https:\/\/sibenik-meteo.hr\/index.php\/wp-json\/wp\/v2\/media\/6609"}],"wp:attachment":[{"href":"https:\/\/sibenik-meteo.hr\/index.php\/wp-json\/wp\/v2\/media?parent=6608"}],"wp:term":[{"taxonomy":"category","embeddable":true,"href":"https:\/\/sibenik-meteo.hr\/index.php\/wp-json\/wp\/v2\/categories?post=6608"},{"taxonomy":"post_tag","embeddable":true,"href":"https:\/\/sibenik-meteo.hr\/index.php\/wp-json\/wp\/v2\/tags?post=6608"}],"curies":[{"name":"wp","href":"https:\/\/api.w.org\/{rel}","templated":true}]}}